{"id":14173,"date":"2021-12-13T21:28:34","date_gmt":"2021-12-13T19:28:34","guid":{"rendered":"https:\/\/haargaard.se\/?p=14173"},"modified":"2021-12-13T21:28:34","modified_gmt":"2021-12-13T19:28:34","slug":"razzla-med-trasig-trampdyna-och-tratt","status":"publish","type":"post","link":"https:\/\/haargaard.se\/?p=14173","title":{"rendered":"Razzla med trasig trampdyna och tratt"},"content":{"rendered":"\n<p>Jaha s\u00e5 var det Razzlas tur att trampa s\u00f6nder en trampdyna. Det bl\u00f6dde ganska bra. Lyckades efter en del m\u00f6da f\u00e5 henne att vara tillr\u00e4ckligt stilla f\u00f6r att f\u00e5 p\u00e5 ett tassbandage och en tratt. Hon var INTE speciellt n\u00f6jd med den d\u00e4r tratten men de v\u00e4njer sig f\u00f6rv\u00e5nansv\u00e4rt snabbt med tratt. Det d\u00e4r med tassbandage d\u00e4remot p\u00e5 en hyperaktiv hund som Razzla, det fungerade inte. F\u00f6rs\u00f6kte s\u00e5 gott det gick i flera omg\u00e5ngar. Hon fick \u00e4ven p\u00e5 den fina st\u00f6veln n\u00e4r hon gick ut. Det tog v\u00e4l 30 sekunder ute innan hon hade f\u00e5tt sl\u00e4ngt av b\u00e5de st\u00f6vel och bandage. Sen hade vi n\u00e5gra v\u00e4ndor d\u00e4r det slutade bl\u00f6da f\u00f6r att hon sen drog up det igen men som tur \u00e4r verkar det l\u00e4ka fint. Redan nu efter tv\u00e5 dagar b\u00f6rjar matten andas ut och hoppas att det inte g\u00e5r upp igen.<\/p>\n\n\n\n<figure class=\"wp-block-image size-medium\"><a href=\"https:\/\/haargaard.se\/wp-content\/uploads\/2021\/12\/IMG_7941.jpg\"><img loading=\"lazy\" width=\"300\" height=\"225\" src=\"https:\/\/haargaard.se\/wp-content\/uploads\/2021\/12\/IMG_7941-300x225.jpg\" alt=\"\" class=\"wp-image-14174\" srcset=\"https:\/\/haargaard.se\/wp-content\/uploads\/2021\/12\/IMG_7941-300x225.jpg 300w, https:\/\/haargaard.se\/wp-content\/uploads\/2021\/12\/IMG_7941-1024x768.jpg 1024w, https:\/\/haargaard.se\/wp-content\/uploads\/2021\/12\/IMG_7941-768x576.jpg 768w, https:\/\/haargaard.se\/wp-content\/uploads\/2021\/12\/IMG_7941.jpg 1218w\" sizes=\"(max-width: 300px) 100vw, 300px\" \/><\/a><\/figure>\n","protected":false},"excerpt":{"rendered":"<p>Jaha s\u00e5 var det Razzlas tur att trampa s\u00f6nder en trampdyna. Det bl\u00f6dde ganska bra. Lyckades efter en del m\u00f6da f\u00e5 henne att vara tillr\u00e4ckligt stilla f\u00f6r att f\u00e5 p\u00e5 ett tassbandage och en tratt. Hon var INTE speciellt n\u00f6jd &hellip; <a href=\"https:\/\/haargaard.se\/?p=14173\">Continue reading <span class=\"meta-nav\">&rarr;<\/span><\/a><\/p>\n","protected":false},"author":1,"featured_media":0,"comment_status":"open","ping_status":"open","sticky":false,"template":"","format":"standard","meta":{"spay_email":"","jetpack_publicize_message":"","jetpack_is_tweetstorm":false,"jetpack_publicize_feature_enabled":true},"categories":[10],"tags":[673,994,425,1026],"jetpack_featured_media_url":"","jetpack_publicize_connections":[],"jetpack_sharing_enabled":true,"jetpack_shortlink":"https:\/\/wp.me\/p41RA4-3GB","_links":{"self":[{"href":"https:\/\/haargaard.se\/index.php?rest_route=\/wp\/v2\/posts\/14173"}],"collection":[{"href":"https:\/\/haargaard.se\/index.php?rest_route=\/wp\/v2\/posts"}],"about":[{"href":"https:\/\/haargaard.se\/index.php?rest_route=\/wp\/v2\/types\/post"}],"author":[{"embeddable":true,"href":"https:\/\/haargaard.se\/index.php?rest_route=\/wp\/v2\/users\/1"}],"replies":[{"embeddable":true,"href":"https:\/\/haargaard.se\/index.php?rest_route=%2Fwp%2Fv2%2Fcomments&post=14173"}],"version-history":[{"count":1,"href":"https:\/\/haargaard.se\/index.php?rest_route=\/wp\/v2\/posts\/14173\/revisions"}],"predecessor-version":[{"id":14175,"href":"https:\/\/haargaard.se\/index.php?rest_route=\/wp\/v2\/posts\/14173\/revisions\/14175"}],"wp:attachment":[{"href":"https:\/\/haargaard.se\/index.php?rest_route=%2Fwp%2Fv2%2Fmedia&parent=14173"}],"wp:term":[{"taxonomy":"category","embeddable":true,"href":"https:\/\/haargaard.se\/index.php?rest_route=%2Fwp%2Fv2%2Fcategories&post=14173"},{"taxonomy":"post_tag","embeddable":true,"href":"https:\/\/haargaard.se\/index.php?rest_route=%2Fwp%2Fv2%2Ftags&post=14173"}],"curies":[{"name":"wp","href":"https:\/\/api.w.org\/{rel}","templated":true}]}}