{"id":14072,"date":"2021-11-06T20:26:24","date_gmt":"2021-11-06T18:26:24","guid":{"rendered":"https:\/\/haargaard.se\/?p=14072"},"modified":"2021-11-06T20:43:50","modified_gmt":"2021-11-06T18:43:50","slug":"hundarna-aker-mjukt-och-skont-i-nya-hundburen","status":"publish","type":"post","link":"https:\/\/haargaard.se\/?p=14072","title":{"rendered":"Hundarna \u00e5ker mjukt och sk\u00f6nt i nya hundburen"},"content":{"rendered":"\n<p>S\u00e5 har hundarna f\u00e5tt tjocka sk\u00f6na <a rel=\"noreferrer noopener\" href=\"https:\/\/www.4dogs.se\/baddar-vetbed\/hundfallar-vetbed\/vetbed-ljusgra-orange-stora-och-sma-tassar\" data-type=\"URL\" data-id=\"https:\/\/www.4dogs.se\/baddar-vetbed\/hundfallar-vetbed\/vetbed-ljusgra-orange-stora-och-sma-tassar\" target=\"_blank\">vetbedmattor<\/a><a href=\"https:\/\/www.4dogs.se\/baddar-vetbed\/hundfallar-vetbed\/vetbed-ljusgra-orange-stora-och-sma-tassar\" data-type=\"URL\" data-id=\"https:\/\/www.4dogs.se\/baddar-vetbed\/hundfallar-vetbed\/vetbed-ljusgra-orange-stora-och-sma-tassar\"> <\/a>att ligga p\u00e5 i nya <a rel=\"noreferrer noopener\" href=\"https:\/\/haargaard.se\/?p=14055\" data-type=\"URL\" data-id=\"https:\/\/haargaard.se\/?p=14055\" target=\"_blank\">Alu-flex-hundburen<\/a> fr\u00e5n <a rel=\"noreferrer noopener\" href=\"https:\/\/www.alu-flex.se\/\" data-type=\"URL\" data-id=\"https:\/\/www.alu-flex.se\/\" target=\"_blank\">Hann\u00e4s Smide och Montage.<\/a> Nu \u00e5ker de mjukt och sk\u00f6nt.<\/p>\n\n\n\n<p><\/p>\n\n\n\n<div class=\"wp-block-image\"><figure class=\"aligncenter size-medium\"><a href=\"https:\/\/haargaard.se\/wp-content\/uploads\/2021\/11\/IMG_7509.jpg\"><img loading=\"lazy\" width=\"300\" height=\"225\" src=\"https:\/\/haargaard.se\/wp-content\/uploads\/2021\/11\/IMG_7509-300x225.jpg\" alt=\"\" class=\"wp-image-14073\" srcset=\"https:\/\/haargaard.se\/wp-content\/uploads\/2021\/11\/IMG_7509-300x225.jpg 300w, https:\/\/haargaard.se\/wp-content\/uploads\/2021\/11\/IMG_7509-1024x768.jpg 1024w, https:\/\/haargaard.se\/wp-content\/uploads\/2021\/11\/IMG_7509-768x576.jpg 768w, https:\/\/haargaard.se\/wp-content\/uploads\/2021\/11\/IMG_7509.jpg 1218w\" sizes=\"(max-width: 300px) 100vw, 300px\" \/><\/a><\/figure><\/div>\n","protected":false},"excerpt":{"rendered":"<p>S\u00e5 har hundarna f\u00e5tt tjocka sk\u00f6na vetbedmattor att ligga p\u00e5 i nya Alu-flex-hundburen fr\u00e5n Hann\u00e4s Smide och Montage. Nu \u00e5ker de mjukt och sk\u00f6nt.<\/p>\n","protected":false},"author":1,"featured_media":0,"comment_status":"open","ping_status":"open","sticky":false,"template":"","format":"standard","meta":{"spay_email":"","jetpack_publicize_message":"","jetpack_is_tweetstorm":false,"jetpack_publicize_feature_enabled":true},"categories":[10],"tags":[1083,673,521,1087],"jetpack_featured_media_url":"","jetpack_publicize_connections":[],"jetpack_sharing_enabled":true,"jetpack_shortlink":"https:\/\/wp.me\/p41RA4-3EY","_links":{"self":[{"href":"https:\/\/haargaard.se\/index.php?rest_route=\/wp\/v2\/posts\/14072"}],"collection":[{"href":"https:\/\/haargaard.se\/index.php?rest_route=\/wp\/v2\/posts"}],"about":[{"href":"https:\/\/haargaard.se\/index.php?rest_route=\/wp\/v2\/types\/post"}],"author":[{"embeddable":true,"href":"https:\/\/haargaard.se\/index.php?rest_route=\/wp\/v2\/users\/1"}],"replies":[{"embeddable":true,"href":"https:\/\/haargaard.se\/index.php?rest_route=%2Fwp%2Fv2%2Fcomments&post=14072"}],"version-history":[{"count":5,"href":"https:\/\/haargaard.se\/index.php?rest_route=\/wp\/v2\/posts\/14072\/revisions"}],"predecessor-version":[{"id":14080,"href":"https:\/\/haargaard.se\/index.php?rest_route=\/wp\/v2\/posts\/14072\/revisions\/14080"}],"wp:attachment":[{"href":"https:\/\/haargaard.se\/index.php?rest_route=%2Fwp%2Fv2%2Fmedia&parent=14072"}],"wp:term":[{"taxonomy":"category","embeddable":true,"href":"https:\/\/haargaard.se\/index.php?rest_route=%2Fwp%2Fv2%2Fcategories&post=14072"},{"taxonomy":"post_tag","embeddable":true,"href":"https:\/\/haargaard.se\/index.php?rest_route=%2Fwp%2Fv2%2Ftags&post=14072"}],"curies":[{"name":"wp","href":"https:\/\/api.w.org\/{rel}","templated":true}]}}