{"id":14015,"date":"2021-10-12T08:25:12","date_gmt":"2021-10-12T06:25:12","guid":{"rendered":"http:\/\/haargaard.se\/?p=14015"},"modified":"2021-10-12T08:35:57","modified_gmt":"2021-10-12T06:35:57","slug":"ansokan-om-korkortstillstand-c1e","status":"publish","type":"post","link":"https:\/\/haargaard.se\/?p=14015","title":{"rendered":"Ans\u00f6kan om k\u00f6rkortstillst\u00e5nd C1E"},"content":{"rendered":"<p>Fick en kommentar i en pl\u00e5tisgrupp p\u00e5 fb att det \u00e4r ju bara att ta ett C1E-k\u00f6rkort s\u00e5 slipper jag mycket funderingar kring vikt p\u00e5 husbil och h\u00e4sttransport. Tja, varf\u00f6r inte..? <a href=\"https:\/\/haargaard.se\/?p=245\" target=\"_blank\" rel=\"noopener\">Har redan ett BE<\/a> som r\u00e4cker ganska l\u00e5ngt f\u00f6r att dra h\u00e4sttransporten men det f\u00e5r v\u00e4l bli den h\u00e4r vinterns utbildning, att ta C1. Nu \u00e4r det ans\u00f6kt om k\u00f6rkortstillst\u00e5nd f\u00f6r grupp 2. Bes\u00f6k \u00e4r bokat f\u00f6r l\u00e4karintyg. Ska bli intressant att se om det blir n\u00e5t nytt k\u00f6rkort.<\/p>\n<p>Det n\u00e5got trista \u00e4r att det inte g\u00e5r att ta C1E p\u00e5 en g\u00e5ng. F\u00f6rst ska det tas C1 och sen g\u00e5r det att k\u00f6ra upp f\u00f6r C1E. S\u00e5 det f\u00e5r bli en tv\u00e5stegsraket.<\/p>\n<p><a href=\"https:\/\/haargaard.se\/wp-content\/uploads\/2021\/10\/20211011-K\u00f6rkortstillst\u00e5nd.jpg\"><img loading=\"lazy\" class=\"alignnone size-medium wp-image-14016\" src=\"https:\/\/haargaard.se\/wp-content\/uploads\/2021\/10\/20211011-K\u00f6rkortstillst\u00e5nd-300x109.jpg\" alt=\"\" width=\"300\" height=\"109\" srcset=\"https:\/\/haargaard.se\/wp-content\/uploads\/2021\/10\/20211011-K\u00f6rkortstillst\u00e5nd-300x109.jpg 300w, https:\/\/haargaard.se\/wp-content\/uploads\/2021\/10\/20211011-K\u00f6rkortstillst\u00e5nd.jpg 736w\" sizes=\"(max-width: 300px) 100vw, 300px\" \/><\/a><\/p>\n<p>&nbsp;<\/p>\n","protected":false},"excerpt":{"rendered":"<p>Fick en kommentar i en pl\u00e5tisgrupp p\u00e5 fb att det \u00e4r ju bara att ta ett C1E-k\u00f6rkort s\u00e5 slipper jag mycket funderingar kring vikt p\u00e5 husbil och h\u00e4sttransport. Tja, varf\u00f6r inte..? Har redan ett BE som r\u00e4cker ganska l\u00e5ngt f\u00f6r &hellip; <a href=\"https:\/\/haargaard.se\/?p=14015\">Continue reading <span class=\"meta-nav\">&rarr;<\/span><\/a><\/p>\n","protected":false},"author":1,"featured_media":0,"comment_status":"open","ping_status":"open","sticky":false,"template":"","format":"standard","meta":{"spay_email":"","jetpack_publicize_message":"","jetpack_is_tweetstorm":false,"jetpack_publicize_feature_enabled":true},"categories":[1],"tags":[1076,1077],"jetpack_featured_media_url":"","jetpack_publicize_connections":[],"jetpack_sharing_enabled":true,"jetpack_shortlink":"https:\/\/wp.me\/p41RA4-3E3","_links":{"self":[{"href":"https:\/\/haargaard.se\/index.php?rest_route=\/wp\/v2\/posts\/14015"}],"collection":[{"href":"https:\/\/haargaard.se\/index.php?rest_route=\/wp\/v2\/posts"}],"about":[{"href":"https:\/\/haargaard.se\/index.php?rest_route=\/wp\/v2\/types\/post"}],"author":[{"embeddable":true,"href":"https:\/\/haargaard.se\/index.php?rest_route=\/wp\/v2\/users\/1"}],"replies":[{"embeddable":true,"href":"https:\/\/haargaard.se\/index.php?rest_route=%2Fwp%2Fv2%2Fcomments&post=14015"}],"version-history":[{"count":3,"href":"https:\/\/haargaard.se\/index.php?rest_route=\/wp\/v2\/posts\/14015\/revisions"}],"predecessor-version":[{"id":14019,"href":"https:\/\/haargaard.se\/index.php?rest_route=\/wp\/v2\/posts\/14015\/revisions\/14019"}],"wp:attachment":[{"href":"https:\/\/haargaard.se\/index.php?rest_route=%2Fwp%2Fv2%2Fmedia&parent=14015"}],"wp:term":[{"taxonomy":"category","embeddable":true,"href":"https:\/\/haargaard.se\/index.php?rest_route=%2Fwp%2Fv2%2Fcategories&post=14015"},{"taxonomy":"post_tag","embeddable":true,"href":"https:\/\/haargaard.se\/index.php?rest_route=%2Fwp%2Fv2%2Ftags&post=14015"}],"curies":[{"name":"wp","href":"https:\/\/api.w.org\/{rel}","templated":true}]}}