{"id":13915,"date":"2021-09-02T12:32:26","date_gmt":"2021-09-02T10:32:26","guid":{"rendered":"http:\/\/haargaard.se\/?p=13915"},"modified":"2021-09-02T12:32:26","modified_gmt":"2021-09-02T10:32:26","slug":"forsta-etappen-till-vallan","status":"publish","type":"post","link":"https:\/\/haargaard.se\/?p=13915","title":{"rendered":"F\u00f6rsta etappen till V\u00e5llan"},"content":{"rendered":"<p>Blev tilldelad h\u00e4sten Dofri. En \u00e4ldre herre som det visade sig vara v\u00e4ldigt mycket fart och kraft i. Den f\u00f6rsta str\u00e4ckan var det mycket stigning i skritt men det blev ocks\u00e5 en galoppstr\u00e4cka i ett j\u00e4dra tempo. N\u00e4r det gick fort gick det sen \u00e4nd\u00e5 lite fortare. Det blev inget fotande d\u00e4r inte. S\u00e5 roligt!<\/p>\n<p><a href=\"https:\/\/haargaard.se\/wp-content\/uploads\/2021\/09\/IMG_6104.jpg\"><img loading=\"lazy\" class=\"alignnone size-medium wp-image-13916\" src=\"https:\/\/haargaard.se\/wp-content\/uploads\/2021\/09\/IMG_6104-300x225.jpg\" alt=\"\" width=\"300\" height=\"225\" srcset=\"https:\/\/haargaard.se\/wp-content\/uploads\/2021\/09\/IMG_6104-300x225.jpg 300w, https:\/\/haargaard.se\/wp-content\/uploads\/2021\/09\/IMG_6104-768x576.jpg 768w, https:\/\/haargaard.se\/wp-content\/uploads\/2021\/09\/IMG_6104-1024x768.jpg 1024w\" sizes=\"(max-width: 300px) 100vw, 300px\" \/><\/a> <a href=\"https:\/\/haargaard.se\/wp-content\/uploads\/2021\/09\/IMG_6105.jpg\"><img loading=\"lazy\" class=\"alignnone size-medium wp-image-13917\" src=\"https:\/\/haargaard.se\/wp-content\/uploads\/2021\/09\/IMG_6105-300x225.jpg\" alt=\"\" width=\"300\" height=\"225\" srcset=\"https:\/\/haargaard.se\/wp-content\/uploads\/2021\/09\/IMG_6105-300x225.jpg 300w, https:\/\/haargaard.se\/wp-content\/uploads\/2021\/09\/IMG_6105-768x576.jpg 768w, https:\/\/haargaard.se\/wp-content\/uploads\/2021\/09\/IMG_6105-1024x768.jpg 1024w\" sizes=\"(max-width: 300px) 100vw, 300px\" \/><\/a><\/p>\n","protected":false},"excerpt":{"rendered":"<p>Blev tilldelad h\u00e4sten Dofri. En \u00e4ldre herre som det visade sig vara v\u00e4ldigt mycket fart och kraft i. Den f\u00f6rsta str\u00e4ckan var det mycket stigning i skritt men det blev ocks\u00e5 en galoppstr\u00e4cka i ett j\u00e4dra tempo. N\u00e4r det gick &hellip; <a href=\"https:\/\/haargaard.se\/?p=13915\">Continue reading <span class=\"meta-nav\">&rarr;<\/span><\/a><\/p>\n","protected":false},"author":1,"featured_media":0,"comment_status":"open","ping_status":"open","sticky":false,"template":"","format":"standard","meta":{"spay_email":"","jetpack_publicize_message":"","jetpack_is_tweetstorm":false,"jetpack_publicize_feature_enabled":true},"categories":[11,1066],"tags":[674,1069,1070],"jetpack_featured_media_url":"","jetpack_publicize_connections":[],"jetpack_sharing_enabled":true,"jetpack_shortlink":"https:\/\/wp.me\/p41RA4-3Cr","_links":{"self":[{"href":"https:\/\/haargaard.se\/index.php?rest_route=\/wp\/v2\/posts\/13915"}],"collection":[{"href":"https:\/\/haargaard.se\/index.php?rest_route=\/wp\/v2\/posts"}],"about":[{"href":"https:\/\/haargaard.se\/index.php?rest_route=\/wp\/v2\/types\/post"}],"author":[{"embeddable":true,"href":"https:\/\/haargaard.se\/index.php?rest_route=\/wp\/v2\/users\/1"}],"replies":[{"embeddable":true,"href":"https:\/\/haargaard.se\/index.php?rest_route=%2Fwp%2Fv2%2Fcomments&post=13915"}],"version-history":[{"count":1,"href":"https:\/\/haargaard.se\/index.php?rest_route=\/wp\/v2\/posts\/13915\/revisions"}],"predecessor-version":[{"id":13918,"href":"https:\/\/haargaard.se\/index.php?rest_route=\/wp\/v2\/posts\/13915\/revisions\/13918"}],"wp:attachment":[{"href":"https:\/\/haargaard.se\/index.php?rest_route=%2Fwp%2Fv2%2Fmedia&parent=13915"}],"wp:term":[{"taxonomy":"category","embeddable":true,"href":"https:\/\/haargaard.se\/index.php?rest_route=%2Fwp%2Fv2%2Fcategories&post=13915"},{"taxonomy":"post_tag","embeddable":true,"href":"https:\/\/haargaard.se\/index.php?rest_route=%2Fwp%2Fv2%2Ftags&post=13915"}],"curies":[{"name":"wp","href":"https:\/\/api.w.org\/{rel}","templated":true}]}}