{"id":13716,"date":"2021-05-30T00:57:15","date_gmt":"2021-05-29T22:57:15","guid":{"rendered":"http:\/\/haargaard.se\/?p=13716"},"modified":"2021-05-30T00:57:15","modified_gmt":"2021-05-29T22:57:15","slug":"kaninerna-fick-rent-och-fint","status":"publish","type":"post","link":"https:\/\/haargaard.se\/?p=13716","title":{"rendered":"Kaninerna fick rent och fint"},"content":{"rendered":"<p>Inte nog med att det st\u00e4dades inne. \u00c4ven kaninerna Kola och Kakao fick det rent och fint. Den har under \u00e5rens lopp minsann inte varit s\u00e5 l\u00e4ttst\u00e4dad den d\u00e4r buren. Det har tagit emot att ta tag i den men idag slog det mig pl\u00f6tsligt att jag hade det perfekta redskapet f\u00f6r att mocka ut. Och, s\u00e5 gick det som hejsan att st\u00e4da buren. Ingen mer \u00e5ngest inf\u00f6r att st\u00e4da kaninburen. Sk\u00f6nt! T\u00e4nk s\u00e5 mycket enklare livet blir med r\u00e4tt grejer.<\/p>\n<p>Den b\u00f6rjar i och f\u00f6r sig sjunga p\u00e5 sista versen den d\u00e4r kaninburen. Kaninerna h\u00e5ller p\u00e5 att gnaga s\u00f6nder isoleringen och n\u00e4tet \u00e4r inte helt intakt. N\u00e5gon som har en bra utomhuskaninbur som vill bli av med den?<\/p>\n<p><a href=\"https:\/\/haargaard.se\/wp-content\/uploads\/2021\/05\/IMG_20210529_192721.jpg\"><img loading=\"lazy\" class=\"alignnone size-medium wp-image-13717\" src=\"https:\/\/haargaard.se\/wp-content\/uploads\/2021\/05\/IMG_20210529_192721-300x225.jpg\" alt=\"\" width=\"300\" height=\"225\" srcset=\"https:\/\/haargaard.se\/wp-content\/uploads\/2021\/05\/IMG_20210529_192721-300x225.jpg 300w, https:\/\/haargaard.se\/wp-content\/uploads\/2021\/05\/IMG_20210529_192721-768x576.jpg 768w, https:\/\/haargaard.se\/wp-content\/uploads\/2021\/05\/IMG_20210529_192721-1024x768.jpg 1024w\" sizes=\"(max-width: 300px) 100vw, 300px\" \/><\/a><\/p>\n<p>&nbsp;<\/p>\n","protected":false},"excerpt":{"rendered":"<p>Inte nog med att det st\u00e4dades inne. \u00c4ven kaninerna Kola och Kakao fick det rent och fint. Den har under \u00e5rens lopp minsann inte varit s\u00e5 l\u00e4ttst\u00e4dad den d\u00e4r buren. Det har tagit emot att ta tag i den men &hellip; <a href=\"https:\/\/haargaard.se\/?p=13716\">Continue reading <span class=\"meta-nav\">&rarr;<\/span><\/a><\/p>\n","protected":false},"author":1,"featured_media":0,"comment_status":"open","ping_status":"open","sticky":false,"template":"","format":"standard","meta":{"spay_email":"","jetpack_publicize_message":"","jetpack_is_tweetstorm":false,"jetpack_publicize_feature_enabled":true},"categories":[996],"tags":[997],"jetpack_featured_media_url":"","jetpack_publicize_connections":[],"jetpack_sharing_enabled":true,"jetpack_shortlink":"https:\/\/wp.me\/p41RA4-3ze","_links":{"self":[{"href":"https:\/\/haargaard.se\/index.php?rest_route=\/wp\/v2\/posts\/13716"}],"collection":[{"href":"https:\/\/haargaard.se\/index.php?rest_route=\/wp\/v2\/posts"}],"about":[{"href":"https:\/\/haargaard.se\/index.php?rest_route=\/wp\/v2\/types\/post"}],"author":[{"embeddable":true,"href":"https:\/\/haargaard.se\/index.php?rest_route=\/wp\/v2\/users\/1"}],"replies":[{"embeddable":true,"href":"https:\/\/haargaard.se\/index.php?rest_route=%2Fwp%2Fv2%2Fcomments&post=13716"}],"version-history":[{"count":1,"href":"https:\/\/haargaard.se\/index.php?rest_route=\/wp\/v2\/posts\/13716\/revisions"}],"predecessor-version":[{"id":13718,"href":"https:\/\/haargaard.se\/index.php?rest_route=\/wp\/v2\/posts\/13716\/revisions\/13718"}],"wp:attachment":[{"href":"https:\/\/haargaard.se\/index.php?rest_route=%2Fwp%2Fv2%2Fmedia&parent=13716"}],"wp:term":[{"taxonomy":"category","embeddable":true,"href":"https:\/\/haargaard.se\/index.php?rest_route=%2Fwp%2Fv2%2Fcategories&post=13716"},{"taxonomy":"post_tag","embeddable":true,"href":"https:\/\/haargaard.se\/index.php?rest_route=%2Fwp%2Fv2%2Ftags&post=13716"}],"curies":[{"name":"wp","href":"https:\/\/api.w.org\/{rel}","templated":true}]}}