{"id":13594,"date":"2021-03-02T00:13:35","date_gmt":"2021-03-01T22:13:35","guid":{"rendered":"http:\/\/haargaard.se\/?p=13594"},"modified":"2021-03-02T00:13:35","modified_gmt":"2021-03-01T22:13:35","slug":"speciellt-att-rida-hast-fran-egen-uppfodning","status":"publish","type":"post","link":"https:\/\/haargaard.se\/?p=13594","title":{"rendered":"Speciellt att rida h\u00e4st fr\u00e5n egen uppf\u00f6dning"},"content":{"rendered":"<p>Pl\u00f6tsligt h\u00e4nder det.\u00a0<a href=\"https:\/\/haargaard.se\/?p=13440\" target=\"_blank\" rel=\"noopener\">Kn\u00e4t \u00e4r n\u00e4stan p\u00e5 bana<\/a>n igen och vinterv\u00e4glaget \u00e4r bortt\u00f6at.\u00a0Jag rider igen. Inte bara en g\u00e5ng i f\u00f6rrg\u00e5r utan idag igen. D\u00e5 kan det v\u00e4l n\u00e4stan b\u00f6rja kallas f\u00f6r en vana igen.<\/p>\n<p>Tanken med att jobba hemifr\u00e5n, n\u00e4r det nu inte \u00e4r p\u00e5tvingat av coronapandemin, \u00e4r att kunna \u00e4gna ljuset under dagtid f\u00f6r h\u00e4star och hundar och jobba i kapp p\u00e5 kv\u00e4llen n\u00e4r det \u00e4nd\u00e5 \u00e4r m\u00f6rkt. Det har under l\u00e5ng tid bara varit arbete och \u00e5taganden som tagit i stort sett all tid. Min tid har det inte blivit s\u00e5 mycket av med. Men idag har det varit precis en s\u00e5n dag som varit som den borde. Jobb fram till lunch. En hundpromenad med hundarna och sen en ridtur. Jobb och sen hundtr\u00e4ning p\u00e5 brukshundsklubben i Varberg. Arbetsdagen avslutades sen med ett sista kv\u00e4llsskift. Det k\u00e4nns bra!<\/p>\n<p>Inemellan blir det m\u00e5nga som tr\u00e4ngs i soffan under arbetsdagen, Razzla, Sotis och Citrus.<\/p>\n<p><a href=\"https:\/\/haargaard.se\/wp-content\/uploads\/2021\/03\/IMG_20210301_092227.jpg\"><img loading=\"lazy\" class=\"alignnone size-medium wp-image-13596\" src=\"https:\/\/haargaard.se\/wp-content\/uploads\/2021\/03\/IMG_20210301_092227-300x225.jpg\" alt=\"\" width=\"300\" height=\"225\" srcset=\"https:\/\/haargaard.se\/wp-content\/uploads\/2021\/03\/IMG_20210301_092227-300x225.jpg 300w, https:\/\/haargaard.se\/wp-content\/uploads\/2021\/03\/IMG_20210301_092227-768x576.jpg 768w, https:\/\/haargaard.se\/wp-content\/uploads\/2021\/03\/IMG_20210301_092227-1024x768.jpg 1024w\" sizes=\"(max-width: 300px) 100vw, 300px\" \/><\/a><\/p>\n<p>Det \u00e4r \u00e4nd\u00e5 n\u00e5got alldeles speciellt den d\u00e4r k\u00e4nslan att rida p\u00e5 en h\u00e4st fr\u00e5n egen uppf\u00f6dning. En ridtur p\u00e5 Sk\u00e1lda g\u00f6r gott f\u00f6r b\u00e5de kropp och sj\u00e4l.<\/p>\n<p><a href=\"https:\/\/haargaard.se\/wp-content\/uploads\/2021\/03\/IMG_20210301_131742.jpg\"><img loading=\"lazy\" class=\"alignnone size-medium wp-image-13595\" src=\"https:\/\/haargaard.se\/wp-content\/uploads\/2021\/03\/IMG_20210301_131742-300x225.jpg\" alt=\"\" width=\"300\" height=\"225\" srcset=\"https:\/\/haargaard.se\/wp-content\/uploads\/2021\/03\/IMG_20210301_131742-300x225.jpg 300w, https:\/\/haargaard.se\/wp-content\/uploads\/2021\/03\/IMG_20210301_131742-768x576.jpg 768w, https:\/\/haargaard.se\/wp-content\/uploads\/2021\/03\/IMG_20210301_131742-1024x768.jpg 1024w\" sizes=\"(max-width: 300px) 100vw, 300px\" \/><\/a><\/p>\n","protected":false},"excerpt":{"rendered":"<p>Pl\u00f6tsligt h\u00e4nder det.\u00a0Kn\u00e4t \u00e4r n\u00e4stan p\u00e5 banan igen och vinterv\u00e4glaget \u00e4r bortt\u00f6at.\u00a0Jag rider igen. Inte bara en g\u00e5ng i f\u00f6rrg\u00e5r utan idag igen. D\u00e5 kan det v\u00e4l n\u00e4stan b\u00f6rja kallas f\u00f6r en vana igen. Tanken med att jobba hemifr\u00e5n, n\u00e4r &hellip; <a href=\"https:\/\/haargaard.se\/?p=13594\">Continue reading <span class=\"meta-nav\">&rarr;<\/span><\/a><\/p>\n","protected":false},"author":1,"featured_media":0,"comment_status":"open","ping_status":"open","sticky":false,"template":"","format":"standard","meta":{"spay_email":"","jetpack_publicize_message":"","jetpack_is_tweetstorm":false,"jetpack_publicize_feature_enabled":true},"categories":[10,11,12],"tags":[673,674,470,675],"jetpack_featured_media_url":"","jetpack_publicize_connections":[],"jetpack_sharing_enabled":true,"jetpack_shortlink":"https:\/\/wp.me\/p41RA4-3xg","_links":{"self":[{"href":"https:\/\/haargaard.se\/index.php?rest_route=\/wp\/v2\/posts\/13594"}],"collection":[{"href":"https:\/\/haargaard.se\/index.php?rest_route=\/wp\/v2\/posts"}],"about":[{"href":"https:\/\/haargaard.se\/index.php?rest_route=\/wp\/v2\/types\/post"}],"author":[{"embeddable":true,"href":"https:\/\/haargaard.se\/index.php?rest_route=\/wp\/v2\/users\/1"}],"replies":[{"embeddable":true,"href":"https:\/\/haargaard.se\/index.php?rest_route=%2Fwp%2Fv2%2Fcomments&post=13594"}],"version-history":[{"count":1,"href":"https:\/\/haargaard.se\/index.php?rest_route=\/wp\/v2\/posts\/13594\/revisions"}],"predecessor-version":[{"id":13597,"href":"https:\/\/haargaard.se\/index.php?rest_route=\/wp\/v2\/posts\/13594\/revisions\/13597"}],"wp:attachment":[{"href":"https:\/\/haargaard.se\/index.php?rest_route=%2Fwp%2Fv2%2Fmedia&parent=13594"}],"wp:term":[{"taxonomy":"category","embeddable":true,"href":"https:\/\/haargaard.se\/index.php?rest_route=%2Fwp%2Fv2%2Fcategories&post=13594"},{"taxonomy":"post_tag","embeddable":true,"href":"https:\/\/haargaard.se\/index.php?rest_route=%2Fwp%2Fv2%2Ftags&post=13594"}],"curies":[{"name":"wp","href":"https:\/\/api.w.org\/{rel}","templated":true}]}}