{"id":13550,"date":"2020-12-23T23:58:25","date_gmt":"2020-12-23T21:58:25","guid":{"rendered":"http:\/\/haargaard.se\/?p=13550"},"modified":"2020-12-23T23:58:25","modified_gmt":"2020-12-23T21:58:25","slug":"god-jul-pa-er","status":"publish","type":"post","link":"https:\/\/haargaard.se\/?p=13550","title":{"rendered":"God Jul p\u00e5 er!"},"content":{"rendered":"<p>F\u00f6r f\u00f6rsta g\u00e5ngen p\u00e5 26 \u00e5r kommer det inte vara n\u00e5gra yngre barn hemma p\u00e5 julafton h\u00e4r i Rucklet. I \u00e5r kan vi \u00e4ntligen slippa den d\u00e4r julgranen, t\u00e4nkte jag. Men inte d\u00e5. N\u00e4r det b\u00f6rjade n\u00e4rma sig julafton fr\u00e5gade muslimen i huset efter julgranen. S\u00e5 det var bara att fixa en \u00e4ven i \u00e5r. Till skillnad fr\u00e5n d<a href=\"https:\/\/haargaard.se\/?p=13221\" target=\"_blank\" rel=\"noopener\">en el\u00e4ndiga som prydde Rucklet f\u00f6rra \u00e5ret<\/a> blev det en riktigt fin gran i \u00e5r. Det \u00e4r nog den finaste gran vi n\u00e5gonsin haft. Inte nog med det. \u00c5rets julgran st\u00e5r \u00e4ven rakt. Det tror jag \u00e4r f\u00f6rsta g\u00e5ngen.<\/p>\n<p>God Jul p\u00e5 er!<\/p>\n<p><a href=\"https:\/\/haargaard.se\/wp-content\/uploads\/2020\/12\/IMG_20201219_194356.jpg\"><img loading=\"lazy\" class=\"alignnone size-medium wp-image-13551\" src=\"https:\/\/haargaard.se\/wp-content\/uploads\/2020\/12\/IMG_20201219_194356-300x225.jpg\" alt=\"\" width=\"300\" height=\"225\" srcset=\"https:\/\/haargaard.se\/wp-content\/uploads\/2020\/12\/IMG_20201219_194356-300x225.jpg 300w, https:\/\/haargaard.se\/wp-content\/uploads\/2020\/12\/IMG_20201219_194356-768x576.jpg 768w, https:\/\/haargaard.se\/wp-content\/uploads\/2020\/12\/IMG_20201219_194356-1024x768.jpg 1024w\" sizes=\"(max-width: 300px) 100vw, 300px\" \/><\/a><\/p>\n","protected":false},"excerpt":{"rendered":"<p>F\u00f6r f\u00f6rsta g\u00e5ngen p\u00e5 26 \u00e5r kommer det inte vara n\u00e5gra yngre barn hemma p\u00e5 julafton h\u00e4r i Rucklet. I \u00e5r kan vi \u00e4ntligen slippa den d\u00e4r julgranen, t\u00e4nkte jag. Men inte d\u00e5. N\u00e4r det b\u00f6rjade n\u00e4rma sig julafton fr\u00e5gade &hellip; <a href=\"https:\/\/haargaard.se\/?p=13550\">Continue reading <span class=\"meta-nav\">&rarr;<\/span><\/a><\/p>\n","protected":false},"author":1,"featured_media":0,"comment_status":"open","ping_status":"open","sticky":false,"template":"","format":"standard","meta":{"spay_email":"","jetpack_publicize_message":"","jetpack_is_tweetstorm":false,"jetpack_publicize_feature_enabled":true},"categories":[1],"tags":[],"jetpack_featured_media_url":"","jetpack_publicize_connections":[],"jetpack_sharing_enabled":true,"jetpack_shortlink":"https:\/\/wp.me\/p41RA4-3wy","_links":{"self":[{"href":"https:\/\/haargaard.se\/index.php?rest_route=\/wp\/v2\/posts\/13550"}],"collection":[{"href":"https:\/\/haargaard.se\/index.php?rest_route=\/wp\/v2\/posts"}],"about":[{"href":"https:\/\/haargaard.se\/index.php?rest_route=\/wp\/v2\/types\/post"}],"author":[{"embeddable":true,"href":"https:\/\/haargaard.se\/index.php?rest_route=\/wp\/v2\/users\/1"}],"replies":[{"embeddable":true,"href":"https:\/\/haargaard.se\/index.php?rest_route=%2Fwp%2Fv2%2Fcomments&post=13550"}],"version-history":[{"count":1,"href":"https:\/\/haargaard.se\/index.php?rest_route=\/wp\/v2\/posts\/13550\/revisions"}],"predecessor-version":[{"id":13552,"href":"https:\/\/haargaard.se\/index.php?rest_route=\/wp\/v2\/posts\/13550\/revisions\/13552"}],"wp:attachment":[{"href":"https:\/\/haargaard.se\/index.php?rest_route=%2Fwp%2Fv2%2Fmedia&parent=13550"}],"wp:term":[{"taxonomy":"category","embeddable":true,"href":"https:\/\/haargaard.se\/index.php?rest_route=%2Fwp%2Fv2%2Fcategories&post=13550"},{"taxonomy":"post_tag","embeddable":true,"href":"https:\/\/haargaard.se\/index.php?rest_route=%2Fwp%2Fv2%2Ftags&post=13550"}],"curies":[{"name":"wp","href":"https:\/\/api.w.org\/{rel}","templated":true}]}}