{"id":12825,"date":"2019-06-22T22:13:53","date_gmt":"2019-06-22T20:13:53","guid":{"rendered":"http:\/\/haargaard.se\/?p=12825"},"modified":"2019-06-22T22:13:53","modified_gmt":"2019-06-22T20:13:53","slug":"dahlian-som-overlevde-vintern-i-ladan","status":"publish","type":"post","link":"https:\/\/haargaard.se\/?p=12825","title":{"rendered":"Dahlian som \u00f6verlevde vintern i ladan"},"content":{"rendered":"<p>Nog f\u00f6r att det inte var en speciellt kall vinter men n\u00e5gra kalla dagar hade vi i alla fall \u00e4ven h\u00e4r p\u00e5 hallandssl\u00e4tten. D\u00f6m om min f\u00f6rv\u00e5ning n\u00e4r jag h\u00e4rom veckan hittade en hink med en stackars vit k\u00e4mpande st\u00e4ngel i m\u00f6rkret ute i ladan. Gissade att det m\u00e5ste vara en dahlia som jag gl\u00f6mt bort att ta hand om som hade \u00f6verlevt vintern d\u00e4r ute i ladan. Av alla dahlior som nu st\u00e5r p\u00e5 tillv\u00e4xt p\u00e5 altanen \u00e4r det den som st\u00e5r som nummer tv\u00e5 i fr\u00e4mre raden bredvid den sj\u00e4lvs\u00e5dda pens\u00e9en i orange hink. Den blev uppenbarligen v\u00e4ldigt glad att f\u00e5 komma ut i ljuset.<\/p>\n<p><a href=\"https:\/\/haargaard.se\/wp-content\/uploads\/2019\/06\/IMG_20190609_204949.jpg\"><img loading=\"lazy\" class=\"alignnone size-medium wp-image-12826\" src=\"https:\/\/haargaard.se\/wp-content\/uploads\/2019\/06\/IMG_20190609_204949-225x300.jpg\" alt=\"\" width=\"225\" height=\"300\" srcset=\"https:\/\/haargaard.se\/wp-content\/uploads\/2019\/06\/IMG_20190609_204949-225x300.jpg 225w, https:\/\/haargaard.se\/wp-content\/uploads\/2019\/06\/IMG_20190609_204949-768x1024.jpg 768w\" sizes=\"(max-width: 225px) 100vw, 225px\" \/>\u00a0<\/a><a href=\"https:\/\/haargaard.se\/wp-content\/uploads\/2019\/06\/IMG_20190622_185332.jpg\"><img loading=\"lazy\" class=\"alignnone size-medium wp-image-12823\" src=\"https:\/\/haargaard.se\/wp-content\/uploads\/2019\/06\/IMG_20190622_185332-300x225.jpg\" alt=\"\" width=\"300\" height=\"225\" srcset=\"https:\/\/haargaard.se\/wp-content\/uploads\/2019\/06\/IMG_20190622_185332-300x225.jpg 300w, https:\/\/haargaard.se\/wp-content\/uploads\/2019\/06\/IMG_20190622_185332-768x576.jpg 768w, https:\/\/haargaard.se\/wp-content\/uploads\/2019\/06\/IMG_20190622_185332-1024x768.jpg 1024w\" sizes=\"(max-width: 300px) 100vw, 300px\" \/><\/a><\/p>\n","protected":false},"excerpt":{"rendered":"<p>Nog f\u00f6r att det inte var en speciellt kall vinter men n\u00e5gra kalla dagar hade vi i alla fall \u00e4ven h\u00e4r p\u00e5 hallandssl\u00e4tten. D\u00f6m om min f\u00f6rv\u00e5ning n\u00e4r jag h\u00e4rom veckan hittade en hink med en stackars vit k\u00e4mpande st\u00e4ngel &hellip; <a href=\"https:\/\/haargaard.se\/?p=12825\">Continue reading <span class=\"meta-nav\">&rarr;<\/span><\/a><\/p>\n","protected":false},"author":1,"featured_media":0,"comment_status":"open","ping_status":"open","sticky":false,"template":"","format":"standard","meta":{"spay_email":"","jetpack_publicize_message":"","jetpack_is_tweetstorm":false,"jetpack_publicize_feature_enabled":true},"categories":[8,6],"tags":[300,879,878],"jetpack_featured_media_url":"","jetpack_publicize_connections":[],"jetpack_sharing_enabled":true,"jetpack_shortlink":"https:\/\/wp.me\/p41RA4-3kR","_links":{"self":[{"href":"https:\/\/haargaard.se\/index.php?rest_route=\/wp\/v2\/posts\/12825"}],"collection":[{"href":"https:\/\/haargaard.se\/index.php?rest_route=\/wp\/v2\/posts"}],"about":[{"href":"https:\/\/haargaard.se\/index.php?rest_route=\/wp\/v2\/types\/post"}],"author":[{"embeddable":true,"href":"https:\/\/haargaard.se\/index.php?rest_route=\/wp\/v2\/users\/1"}],"replies":[{"embeddable":true,"href":"https:\/\/haargaard.se\/index.php?rest_route=%2Fwp%2Fv2%2Fcomments&post=12825"}],"version-history":[{"count":1,"href":"https:\/\/haargaard.se\/index.php?rest_route=\/wp\/v2\/posts\/12825\/revisions"}],"predecessor-version":[{"id":12827,"href":"https:\/\/haargaard.se\/index.php?rest_route=\/wp\/v2\/posts\/12825\/revisions\/12827"}],"wp:attachment":[{"href":"https:\/\/haargaard.se\/index.php?rest_route=%2Fwp%2Fv2%2Fmedia&parent=12825"}],"wp:term":[{"taxonomy":"category","embeddable":true,"href":"https:\/\/haargaard.se\/index.php?rest_route=%2Fwp%2Fv2%2Fcategories&post=12825"},{"taxonomy":"post_tag","embeddable":true,"href":"https:\/\/haargaard.se\/index.php?rest_route=%2Fwp%2Fv2%2Ftags&post=12825"}],"curies":[{"name":"wp","href":"https:\/\/api.w.org\/{rel}","templated":true}]}}