{"id":122,"date":"2013-05-05T23:21:00","date_gmt":"2013-05-05T21:21:00","guid":{"rendered":"http:\/\/haargaard.se\/?p=122"},"modified":"2013-05-05T23:21:00","modified_gmt":"2013-05-05T21:21:00","slug":"en-sondag-i-rucklet","status":"publish","type":"post","link":"https:\/\/haargaard.se\/?p=122","title":{"rendered":"En s\u00f6ndag i rucklet"},"content":{"rendered":"<div>S\u00e5 vad har h\u00e4nt i rucklet idag&#8230;<\/div>\n<div><\/div>\n<div>Operation fixa ny altan fortsatte med att plocka upp allt skr\u00e4p som samlats i altanh\u00f6rnan.<\/div>\n<div><\/div>\n<div><a href=\"http:\/\/2.bp.blogspot.com\/-3a5eN6yQ_3Q\/UYbBzZXBKaI\/AAAAAAAAi9s\/nIjqIuh-yUA\/s1600\/IMG_0531%5B1%5D.JPG\" imageanchor=\"1\"><img loading=\"lazy\" border=\"0\" height=\"240\" src=\"http:\/\/2.bp.blogspot.com\/-3a5eN6yQ_3Q\/UYbBzZXBKaI\/AAAAAAAAi9s\/nIjqIuh-yUA\/s320\/IMG_0531%5B1%5D.JPG\" width=\"320\"><\/a><\/div>\n<div><\/div>\n<div>Titta vad man kan hitta&#8230; det \u00e4r n\u00e4stan som att g\u00e5 p\u00e5 skattjakt. Undrar vem av de tidigare \u00e4garna som lyckats f\u00e5 under ett glasfat under altanen. Det \u00e4r n\u00e4stan en prestation. Det bl\u00e5ser knappast under i alla fall&#8230;<\/div>\n<p><\/p>\n<div><a href=\"http:\/\/2.bp.blogspot.com\/-6VnHr2FDiCQ\/UYbB500kJ2I\/AAAAAAAAi90\/0Mfqav0jJGw\/s1600\/IMG_0534%5B1%5D.JPG\" imageanchor=\"1\"><img loading=\"lazy\" border=\"0\" height=\"320\" src=\"http:\/\/2.bp.blogspot.com\/-6VnHr2FDiCQ\/UYbB500kJ2I\/AAAAAAAAi90\/0Mfqav0jJGw\/s320\/IMG_0534%5B1%5D.JPG\" width=\"240\"><\/a><\/div>\n<div><\/div>\n<div>Det blev en hel sops\u00e4ck innan allt skr\u00e4pet var bortplockat.<\/div>\n<div><\/div>\n<div><a href=\"http:\/\/1.bp.blogspot.com\/-Nz-l8ifiiIA\/UYbClnLP4gI\/AAAAAAAAi-w\/Wt9QnI2FWzc\/s1600\/IMG_0543%5B1%5D.JPG\" imageanchor=\"1\"><img loading=\"lazy\" border=\"0\" height=\"240\" src=\"http:\/\/1.bp.blogspot.com\/-Nz-l8ifiiIA\/UYbClnLP4gI\/AAAAAAAAi-w\/Wt9QnI2FWzc\/s320\/IMG_0543%5B1%5D.JPG\" width=\"320\"><\/a><\/div>\n<div><\/div>\n<div>S\u00e5 ett loppisbes\u00f6k. Resulterade i ett litet miniv\u00e4xthus&#8230; s\u00e5 att jag kan f\u00e5 \u00e4nnu mer d\u00e5ligt samvete f\u00f6r att jag inte drar upp n\u00e5gra egna plantor&#8230; en ostrivarhyvel ist\u00e4lelt f\u00f6r den som gick s\u00f6nder h\u00e4rom veckan, ett glasfat till orkid\u00e9krukorna som har en tendens att g\u00e5 s\u00f6nder och ett literm\u00e5tt i rostfritt. Totalt kostade kalaset 53 kr. \u00a0Tyv\u00e4rr blev det ingen cykel som var huvudanledningen f\u00f6r att \u00e5ka dit.\u00a0<\/div>\n<p><\/p>\n<div><a href=\"http:\/\/4.bp.blogspot.com\/-VIUjRkxHhFE\/UYbCFqmVdLI\/AAAAAAAAi-E\/Vr1Q5BEskEw\/s1600\/IMG_0536%5B1%5D.JPG\" imageanchor=\"1\"><img loading=\"lazy\" border=\"0\" height=\"320\" src=\"http:\/\/4.bp.blogspot.com\/-VIUjRkxHhFE\/UYbCFqmVdLI\/AAAAAAAAi-E\/Vr1Q5BEskEw\/s320\/IMG_0536%5B1%5D.JPG\" width=\"240\"><\/a><\/div>\n<div><\/div>\n<div>Kom hem igen och gick en runda i tr\u00e4dg\u00e5rden. Noterade den h\u00e4r ypperligt s\u00f6ta lilla blomman. Vad kan det vara, en viol? Jaja, s\u00f6t var den i alla fall och pytteliten.<\/div>\n<p><\/p>\n<div><a href=\"http:\/\/4.bp.blogspot.com\/-TmCRHgmR-zw\/UYbCMr6povI\/AAAAAAAAi-M\/jlcMQllSRSQ\/s1600\/IMG_0538%5B1%5D.JPG\" imageanchor=\"1\"><img loading=\"lazy\" border=\"0\" height=\"240\" src=\"http:\/\/4.bp.blogspot.com\/-TmCRHgmR-zw\/UYbCMr6povI\/AAAAAAAAi-M\/jlcMQllSRSQ\/s320\/IMG_0538%5B1%5D.JPG\" width=\"320\"><\/a><\/div>\n<div><\/div>\n<div>Sen s\u00e5g jag till min stora fasa att min fantastiska klematis var helt av. Den som tillsammans med honungsrosen helt \u00f6versv\u00e4mmar det japanska k\u00f6rsb\u00e4rstr\u00e4det under n\u00e5gra veckor. Blev s\u00e5 ledsen&#8230;<\/div>\n<p><\/p>\n<div><a href=\"http:\/\/4.bp.blogspot.com\/-NumBZPjy3BA\/UYbCSsJ30VI\/AAAAAAAAi-U\/-s4f_UYV0b0\/s1600\/IMG_0539%5B1%5D.JPG\" imageanchor=\"1\"><img loading=\"lazy\" border=\"0\" height=\"320\" src=\"http:\/\/4.bp.blogspot.com\/-NumBZPjy3BA\/UYbCSsJ30VI\/AAAAAAAAi-U\/-s4f_UYV0b0\/s320\/IMG_0539%5B1%5D.JPG\" width=\"240\"><\/a><\/div>\n<div><\/div>\n<div>men s\u00e5 b\u00f6jde jag mig ner och d\u00e4r nere ser det ut som att den kommer igen. S\u00e5 blev jag glad igen. men det kommer v\u00e4l ta n\u00e5gra \u00e5r innan den \u00f6vers\u00e5llar hela tr\u00e4det igen&#8230;<\/div>\n<p><\/p>\n<div><a href=\"http:\/\/2.bp.blogspot.com\/-my53LA3cCZQ\/UYbCYkOpPiI\/AAAAAAAAi-c\/rRrBeGbBd1Y\/s1600\/IMG_0540%5B1%5D.JPG\" imageanchor=\"1\"><img loading=\"lazy\" border=\"0\" height=\"320\" src=\"http:\/\/2.bp.blogspot.com\/-my53LA3cCZQ\/UYbCYkOpPiI\/AAAAAAAAi-c\/rRrBeGbBd1Y\/s320\/IMG_0540%5B1%5D.JPG\" width=\"240\"><\/a><\/div>\n<div><\/div>\n<div>Alla rester lyckades jag inte f\u00e5 ner ifr\u00e5n tr\u00e4det men det blev en hel del ris av den stackars klematisen. Undrar om det kan vara harar som har kalasat p\u00e5 den..?<\/div>\n<p><\/p>\n<div><a href=\"http:\/\/1.bp.blogspot.com\/-e-CZsXr7bZQ\/UYbCefDxE1I\/AAAAAAAAi-k\/jAM854Dk0vs\/s1600\/IMG_0541%5B1%5D.JPG\" imageanchor=\"1\"><img loading=\"lazy\" border=\"0\" height=\"240\" src=\"http:\/\/1.bp.blogspot.com\/-e-CZsXr7bZQ\/UYbCefDxE1I\/AAAAAAAAi-k\/jAM854Dk0vs\/s320\/IMG_0541%5B1%5D.JPG\" width=\"320\"><\/a><\/div>\n<div><\/div>\n<div>F\u00f6r att bli glad p\u00e5 riktigt igen d\u00f6k jag ner i vitsipporna vi har p\u00e5 tomten. Finns f\u00e5 saker som kan g\u00f6ra mig s\u00e5 glad som vitsippor. Det \u00e4r p\u00e5 n\u00e5got s\u00e4tt som att vitsipporna \u00e4r v\u00e5ren personifierad. N\u00e4r vitsipporna blommar, d\u00e5 \u00e4r det inte l\u00e5ngt kvar till sommar och v\u00e4rme. Under \u00e5ren i Ume\u00e5 var det just vitsipporna jag saknade. F\u00f6r \u00f6vrigt var det ett mycket bra st\u00e4lle att bo p\u00e5!<\/div>\n<p><\/p>\n<div><a href=\"http:\/\/2.bp.blogspot.com\/-N-WI4HdBR98\/UYbCfm8dBDI\/AAAAAAAAi-o\/pZf5wqCOmuE\/s1600\/IMG_0542%5B1%5D.JPG\" imageanchor=\"1\"><img loading=\"lazy\" border=\"0\" height=\"240\" src=\"http:\/\/2.bp.blogspot.com\/-N-WI4HdBR98\/UYbCfm8dBDI\/AAAAAAAAi-o\/pZf5wqCOmuE\/s320\/IMG_0542%5B1%5D.JPG\" width=\"320\"><\/a><\/div>\n<div><\/div>\n<div>Fr\u00e5gade ton\u00e5ringen om jag skulle baka chokladmuffins. Men se det d\u00f6g inte utan han ville ha ljusa muffins med choklad i. Vad g\u00f6r v\u00e4l inte mamman f\u00f6r sina barn&#8230;? Bakar muffins med choklad i. Har nog aldrig gjort muffins med en s\u00e5 god smet och vilka goda muffins det blev! Det blev 16 st, ton\u00e5ringen \u00e5t nio av dem&#8230; visserligen uppdelat p\u00e5 tv\u00e5 omg\u00e5ngar.<\/div>\n<div><\/div>\n<div>Fikade i alla fall och planerade f\u00f6r altanbygge, fixande av fasad inf\u00f6r altanbygge och bortbilande av gammal betong. Det blir en del jobb vad det verkar&#8230;<\/div>\n<p><\/p>\n<div><a href=\"http:\/\/2.bp.blogspot.com\/-IRP_xn_kinY\/UYbB9LEvYeI\/AAAAAAAAi98\/sfaCEXSwiiw\/s1600\/IMG_0535%5B1%5D.JPG\" imageanchor=\"1\"><img loading=\"lazy\" border=\"0\" height=\"320\" src=\"http:\/\/2.bp.blogspot.com\/-IRP_xn_kinY\/UYbB9LEvYeI\/AAAAAAAAi98\/sfaCEXSwiiw\/s320\/IMG_0535%5B1%5D.JPG\" width=\"240\"><\/a><\/div>\n<div><\/div>\n<div>Var dags f\u00f6r en springtur men hade absolut ingen lust. F\u00f6rs\u00f6kte f\u00e5 med ton\u00e5ringen f\u00f6r att jag inte skulle ha n\u00e5gon urs\u00e4kt att slippa undan men han tyckte jag skulle sluta tjata&#8230; N\u00e4r jag egentligen best\u00e4mde mig f\u00f6r att strunta i den \u00e5ngrade jag mig, drog p\u00e5 springkl\u00e4derna, tog med Hugo och <a href=\"https:\/\/www.polarpersonaltrainer.com\/user\/calendar\/item\/analyze.ftl?id=179556137&#038;r\" target=\"_blank\">sprang en sjua<\/a>. Varmt och l\u00e5ngsamt men mycket n\u00f6jd att ha tagit i kragen och sparkat iv\u00e4g mig.<\/div>\n<div><\/div>\n<div>Medan jag pustade ut efter springturen blev Buddha plockad p\u00e5 tv\u00e5 f\u00e4stingar och Fille en. Ton\u00e5ringen fick lite coachning med en engelsk inl\u00e4mningsuppgift. S\u00e5 nu vet jag mer om The Second Amendment i USA.<\/div>\n<p><\/p>\n<div><a href=\"http:\/\/2.bp.blogspot.com\/-APP31ByM95M\/UYbCp9l78YI\/AAAAAAAAi-4\/0u1mfEWcK94\/s1600\/IMG_0548%5B1%5D.JPG\" imageanchor=\"1\"><img loading=\"lazy\" border=\"0\" height=\"320\" src=\"http:\/\/2.bp.blogspot.com\/-APP31ByM95M\/UYbCp9l78YI\/AAAAAAAAi-4\/0u1mfEWcK94\/s320\/IMG_0548%5B1%5D.JPG\" width=\"240\"><\/a><\/div>\n<div><\/div>\n<div>Till slut fick jag och ton\u00e5ringen pastasallad. Ton\u00e5ringen spetsade sin med \u00e4ckliga k\u00f6pek\u00f6ttbullar. Lilleman fick pasta och k\u00f6ttbullar. Nog serverat i rucklets restaurang f\u00f6r idag&#8230;<\/div>\n<p><\/p>\n<div><a href=\"http:\/\/2.bp.blogspot.com\/-tndsmlSHvcA\/UYbCwD0-_yI\/AAAAAAAAi_A\/gtwOyF7h4Jo\/s1600\/IMG_0549%5B1%5D.JPG\" imageanchor=\"1\"><img loading=\"lazy\" border=\"0\" height=\"240\" src=\"http:\/\/2.bp.blogspot.com\/-tndsmlSHvcA\/UYbCwD0-_yI\/AAAAAAAAi_A\/gtwOyF7h4Jo\/s320\/IMG_0549%5B1%5D.JPG\" width=\"320\"><\/a><\/div>\n<div><\/div>\n<div>N\u00e4r jag summerar dagen s\u00e5 h\u00e4r har jag \u00e4nd\u00e5 hunnit med en del. K\u00e4nslan \u00e4r annars att jag knappt gjort n\u00e5got alls&#8230;<\/div>\n<p><\/p>\n","protected":false},"excerpt":{"rendered":"<p>S\u00e5 vad har h\u00e4nt i rucklet idag&#8230; Operation fixa ny altan fortsatte med att plocka upp allt skr\u00e4p som samlats i altanh\u00f6rnan. Titta vad man kan hitta&#8230; det \u00e4r n\u00e4stan som att g\u00e5 p\u00e5 skattjakt. Undrar vem av de tidigare &hellip; <a href=\"https:\/\/haargaard.se\/?p=122\">Continue reading <span class=\"meta-nav\">&rarr;<\/span><\/a><\/p>\n","protected":false},"author":1,"featured_media":0,"comment_status":"open","ping_status":"open","sticky":false,"template":"","format":"standard","meta":{"spay_email":"","jetpack_publicize_message":"","jetpack_is_tweetstorm":false,"jetpack_publicize_feature_enabled":true},"categories":[6],"tags":[],"jetpack_featured_media_url":"","jetpack_publicize_connections":[],"jetpack_sharing_enabled":true,"jetpack_shortlink":"https:\/\/wp.me\/p41RA4-1Y","_links":{"self":[{"href":"https:\/\/haargaard.se\/index.php?rest_route=\/wp\/v2\/posts\/122"}],"collection":[{"href":"https:\/\/haargaard.se\/index.php?rest_route=\/wp\/v2\/posts"}],"about":[{"href":"https:\/\/haargaard.se\/index.php?rest_route=\/wp\/v2\/types\/post"}],"author":[{"embeddable":true,"href":"https:\/\/haargaard.se\/index.php?rest_route=\/wp\/v2\/users\/1"}],"replies":[{"embeddable":true,"href":"https:\/\/haargaard.se\/index.php?rest_route=%2Fwp%2Fv2%2Fcomments&post=122"}],"version-history":[{"count":0,"href":"https:\/\/haargaard.se\/index.php?rest_route=\/wp\/v2\/posts\/122\/revisions"}],"wp:attachment":[{"href":"https:\/\/haargaard.se\/index.php?rest_route=%2Fwp%2Fv2%2Fmedia&parent=122"}],"wp:term":[{"taxonomy":"category","embeddable":true,"href":"https:\/\/haargaard.se\/index.php?rest_route=%2Fwp%2Fv2%2Fcategories&post=122"},{"taxonomy":"post_tag","embeddable":true,"href":"https:\/\/haargaard.se\/index.php?rest_route=%2Fwp%2Fv2%2Ftags&post=122"}],"curies":[{"name":"wp","href":"https:\/\/api.w.org\/{rel}","templated":true}]}}