{"id":12025,"date":"2018-11-15T23:54:02","date_gmt":"2018-11-15T21:54:02","guid":{"rendered":"http:\/\/haargaard.se\/?p=12025"},"modified":"2018-11-16T00:01:49","modified_gmt":"2018-11-15T22:01:49","slug":"katt-pakord-uppe-vid-vagen-bess-ar-inte-hemma","status":"publish","type":"post","link":"https:\/\/haargaard.se\/?p=12025","title":{"rendered":"Katt p\u00e5k\u00f6rd uppe vid v\u00e4gen &#8211; Bess \u00e4r inte hemma"},"content":{"rendered":"<p>Fick ett telefonsamtal om en p\u00e5k\u00f6rd katt uppe vid v\u00e4gen. Katten f\u00f6rsvann och hittades inte. Troligtvis en spr\u00e4cklig. Min f\u00f6rsta tanke var Bess. Hon har h\u00e4ngt en del upp\u00e5t v\u00e4gen det sista och \u00e4r \u00e4n s\u00e5 l\u00e4nge inte hemma liksom Sotis och Simba. Har r\u00e4knat in de andra sk\u00f6ldpaddorna, Citrus, Tess, Str\u00e4ckan och Halvan. Gamlingarna ligger h\u00e4r hemma i soffan och sover, Snyltkatten, Saga och Felix. Scar \u00e4r ocks\u00e5 inr\u00e4knad.\u00a0 Fy s\u00e5 oroligt!<\/p>\n<p>Det finns hur mycket \u00e5ker h\u00e4romkring som helst att jaga p\u00e5.\u00a0Vad ska katterna uppe vid v\u00e4gen att g\u00f6ra..?<\/p>\n<p>Edit: Sotis har ocks\u00e5 kommit hem.<\/p>\n<p><a href=\"https:\/\/haargaard.se\/wp-content\/uploads\/2018\/11\/IMG_20181115_2230471.jpg\"><img loading=\"lazy\" class=\"alignnone size-medium wp-image-12026\" src=\"https:\/\/haargaard.se\/wp-content\/uploads\/2018\/11\/IMG_20181115_2230471-300x225.jpg\" alt=\"\" width=\"300\" height=\"225\" srcset=\"https:\/\/haargaard.se\/wp-content\/uploads\/2018\/11\/IMG_20181115_2230471-300x225.jpg 300w, https:\/\/haargaard.se\/wp-content\/uploads\/2018\/11\/IMG_20181115_2230471-768x576.jpg 768w, https:\/\/haargaard.se\/wp-content\/uploads\/2018\/11\/IMG_20181115_2230471-1024x768.jpg 1024w\" sizes=\"(max-width: 300px) 100vw, 300px\" \/><\/a><\/p>\n","protected":false},"excerpt":{"rendered":"<p>Fick ett telefonsamtal om en p\u00e5k\u00f6rd katt uppe vid v\u00e4gen. Katten f\u00f6rsvann och hittades inte. Troligtvis en spr\u00e4cklig. Min f\u00f6rsta tanke var Bess. Hon har h\u00e4ngt en del upp\u00e5t v\u00e4gen det sista och \u00e4r \u00e4n s\u00e5 l\u00e4nge inte hemma liksom &hellip; <a href=\"https:\/\/haargaard.se\/?p=12025\">Continue reading <span class=\"meta-nav\">&rarr;<\/span><\/a><\/p>\n","protected":false},"author":1,"featured_media":0,"comment_status":"open","ping_status":"open","sticky":false,"template":"","format":"standard","meta":{"spay_email":"","jetpack_publicize_message":"","jetpack_is_tweetstorm":false,"jetpack_publicize_feature_enabled":true},"categories":[12],"tags":[675],"jetpack_featured_media_url":"","jetpack_publicize_connections":[],"jetpack_sharing_enabled":true,"jetpack_shortlink":"https:\/\/wp.me\/p41RA4-37X","_links":{"self":[{"href":"https:\/\/haargaard.se\/index.php?rest_route=\/wp\/v2\/posts\/12025"}],"collection":[{"href":"https:\/\/haargaard.se\/index.php?rest_route=\/wp\/v2\/posts"}],"about":[{"href":"https:\/\/haargaard.se\/index.php?rest_route=\/wp\/v2\/types\/post"}],"author":[{"embeddable":true,"href":"https:\/\/haargaard.se\/index.php?rest_route=\/wp\/v2\/users\/1"}],"replies":[{"embeddable":true,"href":"https:\/\/haargaard.se\/index.php?rest_route=%2Fwp%2Fv2%2Fcomments&post=12025"}],"version-history":[{"count":2,"href":"https:\/\/haargaard.se\/index.php?rest_route=\/wp\/v2\/posts\/12025\/revisions"}],"predecessor-version":[{"id":12028,"href":"https:\/\/haargaard.se\/index.php?rest_route=\/wp\/v2\/posts\/12025\/revisions\/12028"}],"wp:attachment":[{"href":"https:\/\/haargaard.se\/index.php?rest_route=%2Fwp%2Fv2%2Fmedia&parent=12025"}],"wp:term":[{"taxonomy":"category","embeddable":true,"href":"https:\/\/haargaard.se\/index.php?rest_route=%2Fwp%2Fv2%2Fcategories&post=12025"},{"taxonomy":"post_tag","embeddable":true,"href":"https:\/\/haargaard.se\/index.php?rest_route=%2Fwp%2Fv2%2Ftags&post=12025"}],"curies":[{"name":"wp","href":"https:\/\/api.w.org\/{rel}","templated":true}]}}