{"id":11687,"date":"2018-07-13T00:18:18","date_gmt":"2018-07-12T22:18:18","guid":{"rendered":"http:\/\/haargaard.se\/?p=11687"},"modified":"2018-07-13T00:18:18","modified_gmt":"2018-07-12T22:18:18","slug":"hastgrasklippare-pa-gardsplanen","status":"publish","type":"post","link":"https:\/\/haargaard.se\/?p=11687","title":{"rendered":"H\u00e4stgr\u00e4sklippare p\u00e5 g\u00e5rdsplanen"},"content":{"rendered":"<p>Eftersom det \u00e4r s\u00e5 torrt i hagen s\u00e5 fick h\u00e4starna agera gr\u00e4sklippare p\u00e5 g\u00e5rdsplanen. Det tyckte de var smaskens. S\u00e5 smaskens s\u00e5 de inte alls hade lust att springa ut i hagen igen n\u00e4r jag tyckte att det var dags att g\u00e5 in. Men s\u00e5 fick det bli vare sig de ville det eller inte. K\u00e4nde mig lite som <a href=\"https:\/\/www.facebook.com\/combinesharvestersthreshers\/videos\/1675223032596429\/UzpfSTE1NzU2MTY2MTY6MTAyMTQ2Mjc2MDM4NzUyMDE\/?notif_id=1531431748000541&amp;notif_t=feedback_reaction_generic\" target=\"_blank\" rel=\"noopener\">den h\u00e4r fantastiska vallh\u00e4sten<\/a> utan att p\u00e5 n\u00e5got s\u00e4tt komma upp i samma klass som den.<\/p>\n<p>Det \u00e4r som rena rama terapin att sitta p\u00e5 trappen med en bok omgiven av h\u00e4star och katter.<\/p>\n<p><a href=\"https:\/\/haargaard.se\/wp-content\/uploads\/2018\/07\/IMG_20180712_2119181.jpg\"><img loading=\"lazy\" class=\"alignnone size-medium wp-image-11688\" src=\"https:\/\/haargaard.se\/wp-content\/uploads\/2018\/07\/IMG_20180712_2119181-300x225.jpg\" alt=\"\" width=\"300\" height=\"225\" srcset=\"https:\/\/haargaard.se\/wp-content\/uploads\/2018\/07\/IMG_20180712_2119181-300x225.jpg 300w, https:\/\/haargaard.se\/wp-content\/uploads\/2018\/07\/IMG_20180712_2119181-768x576.jpg 768w, https:\/\/haargaard.se\/wp-content\/uploads\/2018\/07\/IMG_20180712_2119181-1024x768.jpg 1024w\" sizes=\"(max-width: 300px) 100vw, 300px\" \/><\/a><\/p>\n","protected":false},"excerpt":{"rendered":"<p>Eftersom det \u00e4r s\u00e5 torrt i hagen s\u00e5 fick h\u00e4starna agera gr\u00e4sklippare p\u00e5 g\u00e5rdsplanen. Det tyckte de var smaskens. S\u00e5 smaskens s\u00e5 de inte alls hade lust att springa ut i hagen igen n\u00e4r jag tyckte att det var dags &hellip; <a href=\"https:\/\/haargaard.se\/?p=11687\">Continue reading <span class=\"meta-nav\">&rarr;<\/span><\/a><\/p>\n","protected":false},"author":1,"featured_media":0,"comment_status":"open","ping_status":"open","sticky":false,"template":"","format":"standard","meta":{"spay_email":"","jetpack_publicize_message":"","jetpack_is_tweetstorm":false,"jetpack_publicize_feature_enabled":true},"categories":[837,11,625],"tags":[],"jetpack_featured_media_url":"","jetpack_publicize_connections":[],"jetpack_sharing_enabled":true,"jetpack_shortlink":"https:\/\/wp.me\/p41RA4-32v","_links":{"self":[{"href":"https:\/\/haargaard.se\/index.php?rest_route=\/wp\/v2\/posts\/11687"}],"collection":[{"href":"https:\/\/haargaard.se\/index.php?rest_route=\/wp\/v2\/posts"}],"about":[{"href":"https:\/\/haargaard.se\/index.php?rest_route=\/wp\/v2\/types\/post"}],"author":[{"embeddable":true,"href":"https:\/\/haargaard.se\/index.php?rest_route=\/wp\/v2\/users\/1"}],"replies":[{"embeddable":true,"href":"https:\/\/haargaard.se\/index.php?rest_route=%2Fwp%2Fv2%2Fcomments&post=11687"}],"version-history":[{"count":1,"href":"https:\/\/haargaard.se\/index.php?rest_route=\/wp\/v2\/posts\/11687\/revisions"}],"predecessor-version":[{"id":11689,"href":"https:\/\/haargaard.se\/index.php?rest_route=\/wp\/v2\/posts\/11687\/revisions\/11689"}],"wp:attachment":[{"href":"https:\/\/haargaard.se\/index.php?rest_route=%2Fwp%2Fv2%2Fmedia&parent=11687"}],"wp:term":[{"taxonomy":"category","embeddable":true,"href":"https:\/\/haargaard.se\/index.php?rest_route=%2Fwp%2Fv2%2Fcategories&post=11687"},{"taxonomy":"post_tag","embeddable":true,"href":"https:\/\/haargaard.se\/index.php?rest_route=%2Fwp%2Fv2%2Ftags&post=11687"}],"curies":[{"name":"wp","href":"https:\/\/api.w.org\/{rel}","templated":true}]}}