{"id":11327,"date":"2018-05-01T12:23:01","date_gmt":"2018-05-01T10:23:01","guid":{"rendered":"http:\/\/haargaard.se\/?p=11327"},"modified":"2018-05-01T12:23:01","modified_gmt":"2018-05-01T10:23:01","slug":"mental-forberedelse-for-hemmasnickrande","status":"publish","type":"post","link":"https:\/\/haargaard.se\/?p=11327","title":{"rendered":"Mental f\u00f6rberedelse f\u00f6r hemmasnickrande"},"content":{"rendered":"<p>Som mental f\u00f6rberedelse och ett f\u00f6rsta litet stapplande steg mot mitt framtida liv som hemmasnickrare skruvade jag ihop ett hyllplan f\u00f6r blommorna p\u00e5 altanen. F\u00f6rra \u00e5ret hade jag bara en l\u00f6s br\u00e4da och krukorna ramlade i altangolvet och gick s\u00f6nder.\u00a0 Det m\u00e5 vara ett litet steg men ack s\u00e5 viktigt f\u00f6r att f\u00f6rs\u00f6ka kravla mig \u00f6ver \u00e5ngestberget att ge mig p\u00e5 den d\u00e4r v\u00e4xthusutbyggnaden som \u00e4r \u00e5rets stora projekt. Det h\u00f6ll dock inte p\u00e5 att bli n\u00e5gon hylla eftersom jag inte h\u00f6ll p\u00e5 att f\u00e5 ordning p\u00e5 min nya fina s\u00e5g som jag aldrig anv\u00e4nt. Lyckades montera upp den p\u00e5 bordet och f\u00e5 ig\u00e5ng sj\u00e4lva s\u00e5gen men armen satt liksom fast s\u00e5 jag kunde inte lyfta upp den f\u00f6r att kunna s\u00e5ga. Tryckte och vred p\u00e5 varenda j\u00e4dra knapp eller spak som fanns p\u00e5 s\u00e5gen s\u00e5 mycket jag nu v\u00e5gade. Hittade flera andra bra funktioner att anv\u00e4nda vid tillf\u00e4lle men inte l\u00e5sningen f\u00f6r armen. Till slut ringde jag till lokala bygghandeln och bj\u00f6d p\u00e5 ett skratt n\u00e4r jag bad om hj\u00e4lp. Sedan gick det l\u00e4tt som en pl\u00e4tt.<\/p>\n<p><a href=\"https:\/\/haargaard.se\/wp-content\/uploads\/2018\/05\/IMG_20180501_1044051.jpg\"><img loading=\"lazy\" class=\"alignnone size-medium wp-image-11328\" src=\"https:\/\/haargaard.se\/wp-content\/uploads\/2018\/05\/IMG_20180501_1044051-300x225.jpg\" alt=\"\" width=\"300\" height=\"225\" srcset=\"https:\/\/haargaard.se\/wp-content\/uploads\/2018\/05\/IMG_20180501_1044051-300x225.jpg 300w, https:\/\/haargaard.se\/wp-content\/uploads\/2018\/05\/IMG_20180501_1044051-768x576.jpg 768w, https:\/\/haargaard.se\/wp-content\/uploads\/2018\/05\/IMG_20180501_1044051-1024x768.jpg 1024w\" sizes=\"(max-width: 300px) 100vw, 300px\" \/><\/a><\/p>\n<p>Har burit fram n\u00e5gra br\u00e4dor f\u00f6r att mentalt f\u00f6rbereda mig p\u00e5 n\u00e4sta byggprojekt. Att bygga ett miniv\u00e4xthus av n\u00e5gra altand\u00f6rrar. Hoppas att startstr\u00e4ckan inte \u00e4r lika l\u00e5ng som den brukar vara f\u00f6r att f\u00e5 mig till att b\u00f6rja projekt av den h\u00e4r arten. F\u00f6rst\u00e5r inte riktigt varf\u00f6r jag har s\u00e5 sv\u00e5rt f\u00f6r att g\u00f6ra s\u00e5na h\u00e4r saker. Det kan inte bli annat \u00e4n fel och det spelar ju egentligen ingen roll. D\u00e5 \u00e4r det bara att g\u00f6ra om och f\u00f6rhoppningsvis g\u00f6ra r\u00e4tt n\u00e4sta g\u00e5ng eller \u00e5tminstone fj\u00e4rde g\u00e5ngen.<\/p>\n<p>Snyltkatten \u00e4r med och h\u00e5ller koll p\u00e5 grejerna.<\/p>\n<p><a href=\"https:\/\/haargaard.se\/wp-content\/uploads\/2018\/05\/IMG_20180501_1051121.jpg\"><img loading=\"lazy\" class=\"alignnone size-medium wp-image-11329\" src=\"https:\/\/haargaard.se\/wp-content\/uploads\/2018\/05\/IMG_20180501_1051121-300x225.jpg\" alt=\"\" width=\"300\" height=\"225\" srcset=\"https:\/\/haargaard.se\/wp-content\/uploads\/2018\/05\/IMG_20180501_1051121-300x225.jpg 300w, https:\/\/haargaard.se\/wp-content\/uploads\/2018\/05\/IMG_20180501_1051121-768x576.jpg 768w, https:\/\/haargaard.se\/wp-content\/uploads\/2018\/05\/IMG_20180501_1051121-1024x768.jpg 1024w\" sizes=\"(max-width: 300px) 100vw, 300px\" \/><\/a> <a href=\"https:\/\/haargaard.se\/wp-content\/uploads\/2018\/05\/IMG_20180501_1051261.jpg\"><img loading=\"lazy\" class=\"alignnone size-medium wp-image-11330\" src=\"https:\/\/haargaard.se\/wp-content\/uploads\/2018\/05\/IMG_20180501_1051261-300x225.jpg\" alt=\"\" width=\"300\" height=\"225\" srcset=\"https:\/\/haargaard.se\/wp-content\/uploads\/2018\/05\/IMG_20180501_1051261-300x225.jpg 300w, https:\/\/haargaard.se\/wp-content\/uploads\/2018\/05\/IMG_20180501_1051261-768x576.jpg 768w, https:\/\/haargaard.se\/wp-content\/uploads\/2018\/05\/IMG_20180501_1051261-1024x768.jpg 1024w\" sizes=\"(max-width: 300px) 100vw, 300px\" \/><\/a><\/p>\n","protected":false},"excerpt":{"rendered":"<p>Som mental f\u00f6rberedelse och ett f\u00f6rsta litet stapplande steg mot mitt framtida liv som hemmasnickrare skruvade jag ihop ett hyllplan f\u00f6r blommorna p\u00e5 altanen. F\u00f6rra \u00e5ret hade jag bara en l\u00f6s br\u00e4da och krukorna ramlade i altangolvet och gick s\u00f6nder.\u00a0 &hellip; <a href=\"https:\/\/haargaard.se\/?p=11327\">Continue reading <span class=\"meta-nav\">&rarr;<\/span><\/a><\/p>\n","protected":false},"author":1,"featured_media":0,"comment_status":"open","ping_status":"open","sticky":false,"template":"","format":"standard","meta":{"spay_email":"","jetpack_publicize_message":"","jetpack_is_tweetstorm":false,"jetpack_publicize_feature_enabled":true},"categories":[12,897],"tags":[899,898,900],"jetpack_featured_media_url":"","jetpack_publicize_connections":[],"jetpack_sharing_enabled":true,"jetpack_shortlink":"https:\/\/wp.me\/p41RA4-2WH","_links":{"self":[{"href":"https:\/\/haargaard.se\/index.php?rest_route=\/wp\/v2\/posts\/11327"}],"collection":[{"href":"https:\/\/haargaard.se\/index.php?rest_route=\/wp\/v2\/posts"}],"about":[{"href":"https:\/\/haargaard.se\/index.php?rest_route=\/wp\/v2\/types\/post"}],"author":[{"embeddable":true,"href":"https:\/\/haargaard.se\/index.php?rest_route=\/wp\/v2\/users\/1"}],"replies":[{"embeddable":true,"href":"https:\/\/haargaard.se\/index.php?rest_route=%2Fwp%2Fv2%2Fcomments&post=11327"}],"version-history":[{"count":1,"href":"https:\/\/haargaard.se\/index.php?rest_route=\/wp\/v2\/posts\/11327\/revisions"}],"predecessor-version":[{"id":11331,"href":"https:\/\/haargaard.se\/index.php?rest_route=\/wp\/v2\/posts\/11327\/revisions\/11331"}],"wp:attachment":[{"href":"https:\/\/haargaard.se\/index.php?rest_route=%2Fwp%2Fv2%2Fmedia&parent=11327"}],"wp:term":[{"taxonomy":"category","embeddable":true,"href":"https:\/\/haargaard.se\/index.php?rest_route=%2Fwp%2Fv2%2Fcategories&post=11327"},{"taxonomy":"post_tag","embeddable":true,"href":"https:\/\/haargaard.se\/index.php?rest_route=%2Fwp%2Fv2%2Ftags&post=11327"}],"curies":[{"name":"wp","href":"https:\/\/api.w.org\/{rel}","templated":true}]}}