{"id":11094,"date":"2018-03-17T22:38:16","date_gmt":"2018-03-17T20:38:16","guid":{"rendered":"http:\/\/haargaard.se\/?p=11094"},"modified":"2018-03-17T22:38:16","modified_gmt":"2018-03-17T20:38:16","slug":"en-iskall-ridtur","status":"publish","type":"post","link":"https:\/\/haargaard.se\/?p=11094","title":{"rendered":"En iskall ridtur"},"content":{"rendered":"<p>V\u00e4dret h\u00e4r p\u00e5 hallandskusten har de senaste dagarna varit svinkallt. Isande kalla vindar som g\u00e5r genom m\u00e4rg och ben. Ist\u00e4llet f\u00f6r v\u00e5ren som var p\u00e5 g\u00e5ng i f\u00f6rra veckan blev det ryssvinter, \u00e5tminstone betr\u00e4ffande kylan. Sn\u00f6n har som v\u00e4l \u00e4r f\u00f6rsvunnit.<\/p>\n<p>Kl\u00e4dde p\u00e5 mig ordentligt och tog mig ut p\u00e5 en ridtur tillsammans med grannt\u00f6sen. Sk\u00e1lda fick komma ut och r\u00f6ra p\u00e5 sig. Det tyckte hon var kul men vilken surk\u00e4rring hon \u00e4r! Hon \u00e4r n\u00f6jd och glad s\u00e5 l\u00e4nge hon f\u00e5r g\u00e5 f\u00f6rst och ingen h\u00e4st kommer f\u00f6r n\u00e4ra bakom. D\u00e5 blir hon v\u00e4rsta surk\u00e4rringen. Och skulle en annan h\u00e4st, gud n\u00e5de, ta sig friheten att passera. D\u00e5 j\u00e4drar stannar hon och tjurar. Sen g\u00e5r det knappt fram\u00e5t tills hon s\u00e5 sm\u00e5ningom kommer om igen och allt \u00e4r frid och fr\u00f6jd.<\/p>\n<p>Kul att komma ut till h\u00e4st! Med tanke p\u00e5 att det g\u00e5r \u00e5tta stycken h\u00e4star h\u00e4r i hagen som skulle beh\u00f6vas motioneras vore det ju bra om det kanske \u00e4ntligen kunde bli en vana&#8230;?<\/p>\n<p><a href=\"https:\/\/haargaard.se\/wp-content\/uploads\/2018\/03\/IMG_20180317_1224201.jpg\"><img loading=\"lazy\" class=\"alignnone size-medium wp-image-11095\" src=\"https:\/\/haargaard.se\/wp-content\/uploads\/2018\/03\/IMG_20180317_1224201-300x225.jpg\" alt=\"\" width=\"300\" height=\"225\" srcset=\"https:\/\/haargaard.se\/wp-content\/uploads\/2018\/03\/IMG_20180317_1224201-300x225.jpg 300w, https:\/\/haargaard.se\/wp-content\/uploads\/2018\/03\/IMG_20180317_1224201-768x576.jpg 768w, https:\/\/haargaard.se\/wp-content\/uploads\/2018\/03\/IMG_20180317_1224201-1024x768.jpg 1024w\" sizes=\"(max-width: 300px) 100vw, 300px\" \/><\/a><\/p>\n","protected":false},"excerpt":{"rendered":"<p>V\u00e4dret h\u00e4r p\u00e5 hallandskusten har de senaste dagarna varit svinkallt. Isande kalla vindar som g\u00e5r genom m\u00e4rg och ben. Ist\u00e4llet f\u00f6r v\u00e5ren som var p\u00e5 g\u00e5ng i f\u00f6rra veckan blev det ryssvinter, \u00e5tminstone betr\u00e4ffande kylan. Sn\u00f6n har som v\u00e4l \u00e4r &hellip; <a href=\"https:\/\/haargaard.se\/?p=11094\">Continue reading <span class=\"meta-nav\">&rarr;<\/span><\/a><\/p>\n","protected":false},"author":1,"featured_media":0,"comment_status":"open","ping_status":"open","sticky":false,"template":"","format":"standard","meta":{"spay_email":"","jetpack_publicize_message":"","jetpack_is_tweetstorm":false,"jetpack_publicize_feature_enabled":true},"categories":[11],"tags":[674],"jetpack_featured_media_url":"","jetpack_publicize_connections":[],"jetpack_sharing_enabled":true,"jetpack_shortlink":"https:\/\/wp.me\/p41RA4-2SW","_links":{"self":[{"href":"https:\/\/haargaard.se\/index.php?rest_route=\/wp\/v2\/posts\/11094"}],"collection":[{"href":"https:\/\/haargaard.se\/index.php?rest_route=\/wp\/v2\/posts"}],"about":[{"href":"https:\/\/haargaard.se\/index.php?rest_route=\/wp\/v2\/types\/post"}],"author":[{"embeddable":true,"href":"https:\/\/haargaard.se\/index.php?rest_route=\/wp\/v2\/users\/1"}],"replies":[{"embeddable":true,"href":"https:\/\/haargaard.se\/index.php?rest_route=%2Fwp%2Fv2%2Fcomments&post=11094"}],"version-history":[{"count":1,"href":"https:\/\/haargaard.se\/index.php?rest_route=\/wp\/v2\/posts\/11094\/revisions"}],"predecessor-version":[{"id":11096,"href":"https:\/\/haargaard.se\/index.php?rest_route=\/wp\/v2\/posts\/11094\/revisions\/11096"}],"wp:attachment":[{"href":"https:\/\/haargaard.se\/index.php?rest_route=%2Fwp%2Fv2%2Fmedia&parent=11094"}],"wp:term":[{"taxonomy":"category","embeddable":true,"href":"https:\/\/haargaard.se\/index.php?rest_route=%2Fwp%2Fv2%2Fcategories&post=11094"},{"taxonomy":"post_tag","embeddable":true,"href":"https:\/\/haargaard.se\/index.php?rest_route=%2Fwp%2Fv2%2Ftags&post=11094"}],"curies":[{"name":"wp","href":"https:\/\/api.w.org\/{rel}","templated":true}]}}