{"id":11058,"date":"2018-03-07T23:17:33","date_gmt":"2018-03-07T21:17:33","guid":{"rendered":"http:\/\/haargaard.se\/?p=11058"},"modified":"2018-03-07T23:17:33","modified_gmt":"2018-03-07T21:17:33","slug":"lysrorsbelysning-for-plantorna","status":"publish","type":"post","link":"https:\/\/haargaard.se\/?p=11058","title":{"rendered":"Lysr\u00f6rsbelysning f\u00f6r plantorna"},"content":{"rendered":"<p>N\u00f6dl\u00f6sningar \u00e4r ocks\u00e5 l\u00f6sningar. B\u00f6rjar f\u00e5 ont om plats f\u00f6r alla v\u00e4xter. Och framf\u00f6r allt ont om plats d\u00e4r det \u00e4r tillr\u00e4ckligt med ljus f\u00f6r v\u00e4xande plantor. K\u00f6pte ett par lysr\u00f6rsarmaturer att ha f\u00f6r plantbelysning f\u00f6r ett par veckor sedan. De blev liggandes men ig\u00e5r omskolades chili och tomater s\u00e5 det var dags att ta tag i monteringen av de d\u00e4r lysr\u00f6ren idag. Monterade p\u00e5 sladd med vanlig stickpropp p\u00e5 armaturen. Sedan var det det d\u00e4r med att f\u00e5 plats med plantor n\u00e5gonstans och p\u00e5 n\u00e5got s\u00e4tt h\u00e4nga armaturen \u00f6ver. Fyra stolsryggar fick l\u00f6sa det tillf\u00e4lligt tills jag hittar p\u00e5 n\u00e5got b\u00e4ttre. Alla s\u00e4tt \u00e4r bra utom de d\u00e5liga&#8230; nu har de h\u00e4r plantorna i alla fall ljus att v\u00e4xa i!<\/p>\n<p><a href=\"https:\/\/haargaard.se\/wp-content\/uploads\/2018\/03\/IMG_20180307_2127141.jpg\"><img loading=\"lazy\" class=\"alignnone size-medium wp-image-11059\" src=\"https:\/\/haargaard.se\/wp-content\/uploads\/2018\/03\/IMG_20180307_2127141-300x225.jpg\" alt=\"\" width=\"300\" height=\"225\" srcset=\"https:\/\/haargaard.se\/wp-content\/uploads\/2018\/03\/IMG_20180307_2127141-300x225.jpg 300w, https:\/\/haargaard.se\/wp-content\/uploads\/2018\/03\/IMG_20180307_2127141-768x576.jpg 768w, https:\/\/haargaard.se\/wp-content\/uploads\/2018\/03\/IMG_20180307_2127141-1024x768.jpg 1024w\" sizes=\"(max-width: 300px) 100vw, 300px\" \/><\/a><\/p>\n","protected":false},"excerpt":{"rendered":"<p>N\u00f6dl\u00f6sningar \u00e4r ocks\u00e5 l\u00f6sningar. B\u00f6rjar f\u00e5 ont om plats f\u00f6r alla v\u00e4xter. Och framf\u00f6r allt ont om plats d\u00e4r det \u00e4r tillr\u00e4ckligt med ljus f\u00f6r v\u00e4xande plantor. K\u00f6pte ett par lysr\u00f6rsarmaturer att ha f\u00f6r plantbelysning f\u00f6r ett par veckor sedan. &hellip; <a href=\"https:\/\/haargaard.se\/?p=11058\">Continue reading <span class=\"meta-nav\">&rarr;<\/span><\/a><\/p>\n","protected":false},"author":1,"featured_media":0,"comment_status":"open","ping_status":"open","sticky":false,"template":"","format":"standard","meta":{"spay_email":"","jetpack_publicize_message":"","jetpack_is_tweetstorm":false,"jetpack_publicize_feature_enabled":true},"categories":[528,6],"tags":[866,730,523,864],"jetpack_featured_media_url":"","jetpack_publicize_connections":[],"jetpack_sharing_enabled":true,"jetpack_shortlink":"https:\/\/wp.me\/p41RA4-2Sm","_links":{"self":[{"href":"https:\/\/haargaard.se\/index.php?rest_route=\/wp\/v2\/posts\/11058"}],"collection":[{"href":"https:\/\/haargaard.se\/index.php?rest_route=\/wp\/v2\/posts"}],"about":[{"href":"https:\/\/haargaard.se\/index.php?rest_route=\/wp\/v2\/types\/post"}],"author":[{"embeddable":true,"href":"https:\/\/haargaard.se\/index.php?rest_route=\/wp\/v2\/users\/1"}],"replies":[{"embeddable":true,"href":"https:\/\/haargaard.se\/index.php?rest_route=%2Fwp%2Fv2%2Fcomments&post=11058"}],"version-history":[{"count":1,"href":"https:\/\/haargaard.se\/index.php?rest_route=\/wp\/v2\/posts\/11058\/revisions"}],"predecessor-version":[{"id":11060,"href":"https:\/\/haargaard.se\/index.php?rest_route=\/wp\/v2\/posts\/11058\/revisions\/11060"}],"wp:attachment":[{"href":"https:\/\/haargaard.se\/index.php?rest_route=%2Fwp%2Fv2%2Fmedia&parent=11058"}],"wp:term":[{"taxonomy":"category","embeddable":true,"href":"https:\/\/haargaard.se\/index.php?rest_route=%2Fwp%2Fv2%2Fcategories&post=11058"},{"taxonomy":"post_tag","embeddable":true,"href":"https:\/\/haargaard.se\/index.php?rest_route=%2Fwp%2Fv2%2Ftags&post=11058"}],"curies":[{"name":"wp","href":"https:\/\/api.w.org\/{rel}","templated":true}]}}