{"id":10490,"date":"2017-07-30T23:17:35","date_gmt":"2017-07-30T21:17:35","guid":{"rendered":"http:\/\/haargaard.se\/?p=10490"},"modified":"2017-07-30T23:17:35","modified_gmt":"2017-07-30T21:17:35","slug":"23an-har-flugit-ur-boet","status":"publish","type":"post","link":"https:\/\/haargaard.se\/?p=10490","title":{"rendered":"23an har flugit ur boet"},"content":{"rendered":"<p>Ig\u00e5r kom dagen d\u00e5 23an fl\u00f6g ur boet. T\u00e4nk att min lille pojk blivit s\u00e5 stor att han flyttat hemifr\u00e5n. Det \u00e4r minsann inte l\u00e4tt att komma ifr\u00e5n f\u00f6r\u00e4ldrahemmet. Det d\u00e4r att f\u00e5 l\u00e4genhet hos allm\u00e4nnyttan i Varberg, det \u00e4r det l\u00e5ng k\u00f6tid till. Skulle han ha v\u00e4ntat p\u00e5 det, skulle han ha f\u00e5tt bo kvar hemma tills han n\u00e4stan skulle fylla 30. Det var tur f\u00f6r husfriden att vi inte beh\u00f6vde inv\u00e4nta det. Han har f\u00e5tt hyra ett litet s\u00f6tt hus p\u00e5 landet. Det blir bra det d\u00e4r!<\/p>\n<p>Det k\u00e4nns otroligt konstigt, bra och tomt p\u00e5 samma g\u00e5ng. P\u00e5 n\u00e5got s\u00e4tt s\u00e5 \u00e4r flytten hemifr\u00e5n det sista klivet fr\u00e5n mamma och ut i vuxenlivet. Vi beh\u00f6vde i vilket fall inte sakna honom s\u00e5 l\u00e4nge. F\u00f6rst kom han indr\u00f6sande vid lunchtid och vr\u00e4kte i sig frukost eftersom han var utsvulten. Sedan d\u00f6k han upp en snabbvisit till middagen igen. F\u00f6rhoppningsvis f\u00e5r han handlat imorgon s\u00e5 att han slipper sv\u00e4lta hemma i sitt lilla s\u00f6ta hus fram\u00f6ver&#8230;<\/p>\n<p><a href=\"https:\/\/haargaard.se\/wp-content\/uploads\/2017\/07\/IMG_73221.jpg\"><img loading=\"lazy\" class=\"alignnone size-medium wp-image-10491\" src=\"https:\/\/haargaard.se\/wp-content\/uploads\/2017\/07\/IMG_73221-300x225.jpg\" alt=\"IMG_7322[1]\" width=\"300\" height=\"225\" srcset=\"https:\/\/haargaard.se\/wp-content\/uploads\/2017\/07\/IMG_73221-300x225.jpg 300w, https:\/\/haargaard.se\/wp-content\/uploads\/2017\/07\/IMG_73221-768x576.jpg 768w, https:\/\/haargaard.se\/wp-content\/uploads\/2017\/07\/IMG_73221-1024x768.jpg 1024w\" sizes=\"(max-width: 300px) 100vw, 300px\" \/><\/a><\/p>\n","protected":false},"excerpt":{"rendered":"<p>Ig\u00e5r kom dagen d\u00e5 23an fl\u00f6g ur boet. T\u00e4nk att min lille pojk blivit s\u00e5 stor att han flyttat hemifr\u00e5n. Det \u00e4r minsann inte l\u00e4tt att komma ifr\u00e5n f\u00f6r\u00e4ldrahemmet. Det d\u00e4r att f\u00e5 l\u00e4genhet hos allm\u00e4nnyttan i Varberg, det \u00e4r &hellip; <a href=\"https:\/\/haargaard.se\/?p=10490\">Continue reading <span class=\"meta-nav\">&rarr;<\/span><\/a><\/p>\n","protected":false},"author":1,"featured_media":0,"comment_status":"open","ping_status":"open","sticky":false,"template":"","format":"standard","meta":{"spay_email":"","jetpack_publicize_message":"","jetpack_is_tweetstorm":false,"jetpack_publicize_feature_enabled":true},"categories":[1],"tags":[],"jetpack_featured_media_url":"","jetpack_publicize_connections":[],"jetpack_sharing_enabled":true,"jetpack_shortlink":"https:\/\/wp.me\/p41RA4-2Jc","_links":{"self":[{"href":"https:\/\/haargaard.se\/index.php?rest_route=\/wp\/v2\/posts\/10490"}],"collection":[{"href":"https:\/\/haargaard.se\/index.php?rest_route=\/wp\/v2\/posts"}],"about":[{"href":"https:\/\/haargaard.se\/index.php?rest_route=\/wp\/v2\/types\/post"}],"author":[{"embeddable":true,"href":"https:\/\/haargaard.se\/index.php?rest_route=\/wp\/v2\/users\/1"}],"replies":[{"embeddable":true,"href":"https:\/\/haargaard.se\/index.php?rest_route=%2Fwp%2Fv2%2Fcomments&post=10490"}],"version-history":[{"count":1,"href":"https:\/\/haargaard.se\/index.php?rest_route=\/wp\/v2\/posts\/10490\/revisions"}],"predecessor-version":[{"id":10492,"href":"https:\/\/haargaard.se\/index.php?rest_route=\/wp\/v2\/posts\/10490\/revisions\/10492"}],"wp:attachment":[{"href":"https:\/\/haargaard.se\/index.php?rest_route=%2Fwp%2Fv2%2Fmedia&parent=10490"}],"wp:term":[{"taxonomy":"category","embeddable":true,"href":"https:\/\/haargaard.se\/index.php?rest_route=%2Fwp%2Fv2%2Fcategories&post=10490"},{"taxonomy":"post_tag","embeddable":true,"href":"https:\/\/haargaard.se\/index.php?rest_route=%2Fwp%2Fv2%2Ftags&post=10490"}],"curies":[{"name":"wp","href":"https:\/\/api.w.org\/{rel}","templated":true}]}}