{"id":10456,"date":"2017-07-25T22:26:02","date_gmt":"2017-07-25T20:26:02","guid":{"rendered":"http:\/\/haargaard.se\/?p=10456"},"modified":"2017-07-25T22:38:24","modified_gmt":"2017-07-25T20:38:24","slug":"gick-loss-med-sagen-pa-magnolian","status":"publish","type":"post","link":"https:\/\/haargaard.se\/?p=10456","title":{"rendered":"Gick loss med s\u00e5gen p\u00e5 Magnolian"},"content":{"rendered":"<p>Tog \u00e4ntligen tag i projekt <a href=\"https:\/\/haargaard.se\/?p=7985\" target=\"_blank\">magnolian<\/a>. <a href=\"https:\/\/haargaard.se\/?p=10425\" target=\"_blank\">N\u00e4r jag \u00e4ntligen f\u00e5tt en s\u00e5 fin altan<\/a> p\u00e5 plats k\u00e4ndes det angel\u00e4get att komma ig\u00e5ng med besk\u00e4rningen av magnolian. Den \u00e4r helt enorm och tar snart upp allt ljus d\u00e4r i krokarna plus att vi f\u00e5tt g\u00e5 och huka oss under grenarna p\u00e5 altanen. Den v\u00e4xer s\u00e5 det knakar, helt galen. Gick loss ordentligt med s\u00e5gen n\u00e4r jag v\u00e4l b\u00f6rjade. S\u00e5 h\u00e4r f\u00e5r det nog bli i \u00e5r s\u00e5 tror jag att de understa grova grenarna p\u00e5 tr\u00e4dg\u00e5rdssidan ryker n\u00e4sta JAS. Den kommer nog bli fin n\u00e4r den blir \u00e4nnu mer som ett tr\u00e4d och risken att sl\u00e5 i huvudet minskar betydligt.<\/p>\n<p><a href=\"https:\/\/haargaard.se\/wp-content\/uploads\/2017\/07\/IMG_72291.jpg\"><img loading=\"lazy\" class=\"alignnone size-medium wp-image-10457\" src=\"https:\/\/haargaard.se\/wp-content\/uploads\/2017\/07\/IMG_72291-300x225.jpg\" alt=\"IMG_7229[1]\" width=\"300\" height=\"225\" srcset=\"https:\/\/haargaard.se\/wp-content\/uploads\/2017\/07\/IMG_72291-300x225.jpg 300w, https:\/\/haargaard.se\/wp-content\/uploads\/2017\/07\/IMG_72291-768x576.jpg 768w, https:\/\/haargaard.se\/wp-content\/uploads\/2017\/07\/IMG_72291-1024x768.jpg 1024w\" sizes=\"(max-width: 300px) 100vw, 300px\" \/><\/a><\/p>\n","protected":false},"excerpt":{"rendered":"<p>Tog \u00e4ntligen tag i projekt magnolian. N\u00e4r jag \u00e4ntligen f\u00e5tt en s\u00e5 fin altan p\u00e5 plats k\u00e4ndes det angel\u00e4get att komma ig\u00e5ng med besk\u00e4rningen av magnolian. Den \u00e4r helt enorm och tar snart upp allt ljus d\u00e4r i krokarna plus &hellip; <a href=\"https:\/\/haargaard.se\/?p=10456\">Continue reading <span class=\"meta-nav\">&rarr;<\/span><\/a><\/p>\n","protected":false},"author":1,"featured_media":0,"comment_status":"open","ping_status":"open","sticky":false,"template":"","format":"standard","meta":{"spay_email":"","jetpack_publicize_message":"","jetpack_is_tweetstorm":false,"jetpack_publicize_feature_enabled":true},"categories":[6],"tags":[519,515],"jetpack_featured_media_url":"","jetpack_publicize_connections":[],"jetpack_sharing_enabled":true,"jetpack_shortlink":"https:\/\/wp.me\/p41RA4-2IE","_links":{"self":[{"href":"https:\/\/haargaard.se\/index.php?rest_route=\/wp\/v2\/posts\/10456"}],"collection":[{"href":"https:\/\/haargaard.se\/index.php?rest_route=\/wp\/v2\/posts"}],"about":[{"href":"https:\/\/haargaard.se\/index.php?rest_route=\/wp\/v2\/types\/post"}],"author":[{"embeddable":true,"href":"https:\/\/haargaard.se\/index.php?rest_route=\/wp\/v2\/users\/1"}],"replies":[{"embeddable":true,"href":"https:\/\/haargaard.se\/index.php?rest_route=%2Fwp%2Fv2%2Fcomments&post=10456"}],"version-history":[{"count":2,"href":"https:\/\/haargaard.se\/index.php?rest_route=\/wp\/v2\/posts\/10456\/revisions"}],"predecessor-version":[{"id":10459,"href":"https:\/\/haargaard.se\/index.php?rest_route=\/wp\/v2\/posts\/10456\/revisions\/10459"}],"wp:attachment":[{"href":"https:\/\/haargaard.se\/index.php?rest_route=%2Fwp%2Fv2%2Fmedia&parent=10456"}],"wp:term":[{"taxonomy":"category","embeddable":true,"href":"https:\/\/haargaard.se\/index.php?rest_route=%2Fwp%2Fv2%2Fcategories&post=10456"},{"taxonomy":"post_tag","embeddable":true,"href":"https:\/\/haargaard.se\/index.php?rest_route=%2Fwp%2Fv2%2Ftags&post=10456"}],"curies":[{"name":"wp","href":"https:\/\/api.w.org\/{rel}","templated":true}]}}